{"id":97799,"date":"2024-01-23T16:13:05","date_gmt":"2024-01-23T11:13:05","guid":{"rendered":"https:\/\/zamanturkmenistan.com.tm\/?p=97799"},"modified":"2024-01-23T16:13:05","modified_gmt":"2024-01-23T11:13:05","slug":"turkmenistanyn-we-yaponiyanyn-ylym-bilim-gatnasyklarynyn-gerimi-gineyar","status":"publish","type":"post","link":"https:\/\/zamanturkmenistan.com.tm\/?p=97799","title":{"rendered":"T\u00fcrkmenistany\u0148 we \u00ddaponi\u00fdany\u0148 ylym-bilim gatna\u015fyklaryny\u0148 gerimi gi\u0148e\u00fd\u00e4r"},"content":{"rendered":"<p>22-nji \u00fdan\u00adwar\u00adda T\u00fcrk\u00adme\u00adnis\u00adta\u00adny\u0148 Da\u00ad\u015fa\u00adry i\u015f\u00adler mi\u00adnist\u00adri Ra\u00ad\u015fid Me\u00adre\u00addo\u00adwy\u0148 \u00fdol\u00adba\u015f\u00ad\u00e7y\u00adly\u00adgyn\u00adda\u00adky t\u00fcrk\u00admen we\u00adki\u00adli\u00ad\u00fde\u00adti\u00adni\u0148 Tsu\u00adku\u00adba Uni\u00adwer\u00adsi\u00adte\u00adti\u00adni\u0148 Pre\u00adzi\u00adden\u00adti K.Na\u00adga\u00adta we So\u00adka Uni\u00adwer\u00adsi\u00adte\u00adti\u00adni\u0148 Pre\u00adzi\u00adden\u00adti M.Sud\u00adzu\u00adki bi\u00adlen du\u00ad\u015fu\u00ad\u015fyk\u00adla\u00adry ge\u00ad\u00e7i\u00adril\u00addi.<br \/>\nDu\u00ad\u015fu\u00ad\u015fyk\u00adlar\u00adda iki\u00adta\u00adrap\u00adla\u00ad\u00fdyn ylym we bi\u00adlim, \u00fdo\u00adka\u00adry okuw mek\u00addep\u00adle\u00adri\u00adni\u0148 ara\u00adsyn\u00adda hyz\u00admat\u00adda\u015f\u00adly\u00adgy mun\u00addan be\u00fd\u00adl\u00e4k\u00adde \u00f6s\u00add\u00fcr\u00adme\u00adgi\u0148 \u00e4h\u00admi\u00ad\u00fdet\u00adli me\u00adse\u00adle\u00adle\u00adri\u00adne se\u00adre\u00addil\u00addi.<br \/>\n\u00dda\u015f\u00adlar sy\u00ad\u00fda\u00adsa\u00adty ba\u00adba\u00adtyn\u00adda mak\u00adsat\u00adna\u00adma\u00adla\u00adry\u0148 we bi\u00adle\u00adlik\u00add\u00e4\u00adki tas\u00adla\u00adma\u00adla\u00adry\u0148 dur\u00admu\u00ad\u015fa ge\u00ad\u00e7i\u00adril\u00adme\u00adgi\u00adne a\u00fd\u00adra\u00adtyn \u00fcns be\u00adril\u00addi.<br \/>\nBel\u00adle\u00adni\u00adlen\u00adler\u00adden ba\u015f\u00adga, T\u00fcrk\u00adme\u00adnis\u00adta\u00adny\u0148 \u00fdo\u00adka\u00adry okuw mek\u00addep\u00adle\u00adri\u00adni\u0148 \u00fdol\u00adba\u015f\u00ad\u00e7y\u00adla\u00adry So\u00adka Uni\u00adwer\u00adsi\u00adte\u00adti\u00adni\u0148 rek\u00adto\u00adry, \u00abNip\u00adpon\u00bb gaz\u00adna\u00adsy\u00adny\u0148 ba\u015f\u00adly\u00adgy we \u00dda\u00adpo\u00adni\u00ad\u00fda\u00adny\u0148 d\u00fcr\u00adli \u00fdo\u00adka\u00adry okuw mek\u00addep\u00adle\u00adri\u00adni\u0148 pro\u00adfes\u00adsor-mu\u00adgal\u00adlym\u00adla\u00adry bi\u00adlen gep\u00adle\u00ad\u015fik\u00adle\u00adri ge\u00ad\u00e7ir\u00addi\u00adler.<br \/>\nSa\u00adpa\u00adry\u0148 do\u00adwa\u00admyn\u00adda in\u00addi\u00adki res\u00admi\u00adna\u00adma\u00adla\u00adra gol \u00e7e\u00adkil\u00addi:<br \/>\n&#8211; T\u00fcrk\u00adme\u00adnis\u00adta\u00adny\u0148 Da\u00ad\u015fa\u00adry i\u015f\u00adler mi\u00adnistr\u00adli\u00adgi\u00adni\u0148 Hal\u00adka\u00adra gat\u00adna\u00ad\u015fyk\u00adla\u00adry ins\u00adti\u00adtu\u00adty bi\u00adlen \u00dda\u00adpo\u00adni\u00ad\u00fda\u00adny\u0148 So\u00adka Uni\u00adwer\u00adsi\u00adte\u00adti\u00adni\u0148 ara\u00adsyn\u00adda \u00f6za\u00adra d\u00fc\u00ad\u015f\u00fc\u00adni\u015f\u00admek ha\u00adkyn\u00adda \u00c4ht\u00adna\u00adma;<br \/>\n&#8211; T\u00fcrk\u00adme\u00adnis\u00adta\u00adny\u0148 Oguz han adyn\u00adda\u00adky In\u00ad\u017ee\u00adner-teh\u00adno\u00adlo\u00adgi\u00ad\u00fda\u00adlar uni\u00adwer\u00adsi\u00adte\u00adti bi\u00adlen \u00dda\u00adpon-t\u00fcrk\u00admen yl\u00admy-teh\u00adni\u00adki hyz\u00admat\u00adda\u015f\u00adlyk as\u00adso\u00adsia\u00adsi\u00ad\u00fda\u00adsy\u00adny\u0148 ara\u00adsyn\u00adda in\u00adno\u00adwa\u00adsi\u00adon teh\u00adno\u00adlo\u00adgi\u00ad\u00fda\u00adlar ul\u00adga\u00admyn\u00adda hyz\u00admat\u00adda\u015f\u00adlyk ba\u00adra\u00adda \u00f6za\u00adra d\u00fc\u00ad\u015f\u00fc\u00adni\u015f\u00admek ha\u00adkyn\u00adda \u00c4ht\u00adna\u00adma.<\/p>\n","protected":false},"excerpt":{"rendered":"<p>22-nji \u00fdan\u00adwar\u00adda T\u00fcrk\u00adme\u00adnis\u00adta\u00adny\u0148 Da\u00ad\u015fa\u00adry i\u015f\u00adler mi\u00adnist\u00adri Ra\u00ad\u015fid Me\u00adre\u00addo\u00adwy\u0148 \u00fdol\u00adba\u015f\u00ad\u00e7y\u00adly\u00adgyn\u00adda\u00adky t\u00fcrk\u00admen we\u00adki\u00adli\u00ad\u00fde\u00adti\u00adni\u0148 Tsu\u00adku\u00adba Uni\u00adwer\u00adsi\u00adte\u00adti\u00adni\u0148 Pre\u00adzi\u00adden\u00adti K.Na\u00adga\u00adta we So\u00adka Uni\u00adwer\u00adsi\u00adte\u00adti\u00adni\u0148 Pre\u00adzi\u00adden\u00adti M.Sud\u00adzu\u00adki bi\u00adlen du\u00ad\u015fu\u00ad\u015fyk\u00adla\u00adry ge\u00ad\u00e7i\u00adril\u00addi. Du\u00ad\u015fu\u00ad\u015fyk\u00adlar\u00adda iki\u00adta\u00adrap\u00adla\u00ad\u00fdyn ylym we bi\u00adlim, \u00fdo\u00adka\u00adry okuw mek\u00addep\u00adle\u00adri\u00adni\u0148 ara\u00adsyn\u00adda hyz\u00admat\u00adda\u015f\u00adly\u00adgy mun\u00addan be\u00fd\u00adl\u00e4k\u00adde \u00f6s\u00add\u00fcr\u00adme\u00adgi\u0148 \u00e4h\u00admi\u00ad\u00fdet\u00adli me\u00adse\u00adle\u00adle\u00adri\u00adne se\u00adre\u00addil\u00addi. \u00dda\u015f\u00adlar sy\u00ad\u00fda\u00adsa\u00adty ba\u00adba\u00adtyn\u00adda mak\u00adsat\u00adna\u00adma\u00adla\u00adry\u0148 we bi\u00adle\u00adlik\u00add\u00e4\u00adki tas\u00adla\u00adma\u00adla\u00adry\u0148 dur\u00admu\u00ad\u015fa ge\u00ad\u00e7i\u00adril\u00adme\u00adgi\u00adne a\u00fd\u00adra\u00adtyn \u00fcns be\u00adril\u00addi. Bel\u00adle\u00adni\u00adlen\u00adler\u00adden ba\u015f\u00adga, T\u00fcrk\u00adme\u00adnis\u00adta\u00adny\u0148 \u00fdo\u00adka\u00adry [&hellip;]<\/p>\n","protected":false},"author":2,"featured_media":97800,"comment_status":"open","ping_status":"closed","sticky":false,"template":"","format":"standard","meta":{"footnotes":""},"categories":[3],"tags":[],"acf":[],"_links":{"self":[{"href":"https:\/\/zamanturkmenistan.com.tm\/index.php?rest_route=\/wp\/v2\/posts\/97799"}],"collection":[{"href":"https:\/\/zamanturkmenistan.com.tm\/index.php?rest_route=\/wp\/v2\/posts"}],"about":[{"href":"https:\/\/zamanturkmenistan.com.tm\/index.php?rest_route=\/wp\/v2\/types\/post"}],"author":[{"embeddable":true,"href":"https:\/\/zamanturkmenistan.com.tm\/index.php?rest_route=\/wp\/v2\/users\/2"}],"replies":[{"embeddable":true,"href":"https:\/\/zamanturkmenistan.com.tm\/index.php?rest_route=%2Fwp%2Fv2%2Fcomments&post=97799"}],"version-history":[{"count":1,"href":"https:\/\/zamanturkmenistan.com.tm\/index.php?rest_route=\/wp\/v2\/posts\/97799\/revisions"}],"predecessor-version":[{"id":97801,"href":"https:\/\/zamanturkmenistan.com.tm\/index.php?rest_route=\/wp\/v2\/posts\/97799\/revisions\/97801"}],"wp:featuredmedia":[{"embeddable":true,"href":"https:\/\/zamanturkmenistan.com.tm\/index.php?rest_route=\/wp\/v2\/media\/97800"}],"wp:attachment":[{"href":"https:\/\/zamanturkmenistan.com.tm\/index.php?rest_route=%2Fwp%2Fv2%2Fmedia&parent=97799"}],"wp:term":[{"taxonomy":"category","embeddable":true,"href":"https:\/\/zamanturkmenistan.com.tm\/index.php?rest_route=%2Fwp%2Fv2%2Fcategories&post=97799"},{"taxonomy":"post_tag","embeddable":true,"href":"https:\/\/zamanturkmenistan.com.tm\/index.php?rest_route=%2Fwp%2Fv2%2Ftags&post=97799"}],"curies":[{"name":"wp","href":"https:\/\/api.w.org\/{rel}","templated":true}]}}