{"id":98078,"date":"2024-01-26T11:26:28","date_gmt":"2024-01-26T06:26:28","guid":{"rendered":"https:\/\/zamanturkmenistan.com.tm\/?p=98078"},"modified":"2024-01-26T11:26:28","modified_gmt":"2024-01-26T06:26:28","slug":"sebitin-ilkinji-kosmodromy-gurlar","status":"publish","type":"post","link":"https:\/\/zamanturkmenistan.com.tm\/?p=98078","title":{"rendered":"Se\u00adbi\u00adti\u0148 il\u00adkin\u00adji kos\u00admod\u00adro\u00admy gur\u00adlar"},"content":{"rendered":"<p>\u00dda\u00adkyn G\u00fcn\u00addo\u00adgar \u00fdur\u00addy bo\u00adlan Oman\u00adda il\u00adkin\u00adji kos\u00admod\u00adro\u00admy\u0148 gu\u00adrul\u00adjak\u00addy\u00adgy m\u00e4\u00adlim edil\u00addi. \u00abEt\u00adlaq\u00bb at\u00adly des\u00adga\u00adny\u0148 2030-njy \u00fdy\u00adla \u00e7en\u00adli do\u00adly i\u015fe gi\u00adri\u00adzil\u00adjek\u00addi\u00adgi bel\u00adle\u00adnil\u00ad\u00fd\u00e4r. \u00ddur\u00addu\u0148 ke\u00adnar\u00ad\u00fda\u00adka Dukm \u015f\u00e4\u00adhe\u00adrin\u00adde gu\u00adrul\u00adjak kos\u00admod\u00adrom\u00adda uly, or\u00adta we ki\u00ad\u00e7i g\u00f6w\u00adr\u00fcm\u00adli ra\u00adke\u00adta\u00adla\u00adry u\u00e7ur\u00admak \u00fc\u00e7in be\u00adket\u00adler bo\u00adlar. Bu ba\u00adra\u00adda go\u00adla\u00fd\u00adda Mas\u00adkat \u015f\u00e4\u00adhe\u00adrin\u00adde ge\u00ad\u00e7i\u00adri\u00adlen Kos\u00admos pudagyna bagy\u015flanan mas\u00adla\u00adha\u00adt\u00adda m\u00e4\u00adlim edil\u00addi. \u00ddur\u00addu\u0148 Mil\u00adli kos\u00admos hyz\u00admat\u00adla\u00adry kom\u00adpa\u00adni\u00ad\u00fda\u00adsy\u00adny\u0148 (Nascom) \u00fdol\u00adba\u015f\u00ad\u00e7y\u00adsy Az\u00adzan al Sa\u00ad\u00fdid h\u00e4\u00adzir\u00adki wagt\u00adda kos\u00admod\u00adro\u00admy\u0148 mak\u00adsat\u00adna\u00adma\u00adsy\u00adny\u0148 ta\u00fd\u00ad\u00fdar\u00adlan\u00ad\u00fdan\u00addy\u00adgy\u00adny, 2025-nji \u00fdyl\u00adda gur\u00adlu\u00ad\u015fy\u00adgy\u00adna ba\u015f\u00adlan\u00adjak\u00addy\u00adgy\u00adny m\u00e4\u00adlim et\u00addi.<br \/>\nH\u00e4\u00adzir\u00adki wagt\u00adda d\u00fcn\u00ad\u00fd\u00e4\u00adde Ek\u00adwa\u00adtor gu\u00ad\u015fak\u00adly\u00adgy\u00adna i\u0148 \u00fda\u00adkyn kos\u00admod\u00adrom Fran\u00adsuz Gwi\u00adne\u00ad\u00fda\u00adsyn\u00adda bo\u00adlup, bu Ame\u00adri\u00adka yk\u00adly\u00admyn\u00adda \u00fder\u00adle\u015f\u00ad\u00fd\u00e4r. Oman\u00adda gu\u00adrul\u00adjak kos\u00admod\u00adro\u00admy\u0148 Azi\u00ad\u00fda\u00adda hem-de ek\u00adwa\u00adto\u00adra \u00fda\u00adkyn bol\u00adma\u00adgy kos\u00admos pu\u00adda\u00adgyn\u00adda i\u015f alyp bar\u00ad\u00fdan kom\u00adpa\u00adni\u00ad\u00fda\u00adlar \u00fc\u00e7in t\u00e4\u00adze m\u00fcm\u00adkin\u00ad\u00e7i\u00adlik\u00adle\u00adri h\u00f6\u00add\u00fcr\u00adl\u00e4r. Me\u00adteo\u00adro\u00adlo\u00adgi\u00ad\u00fda, ara\u00adgat\u00adna\u00ad\u015fyk, yl\u00admy i\u015f\u00adler \u00fc\u00e7in \u00e4h\u00admi\u00ad\u00fdet\u00adli bo\u00adlan kos\u00admos pu\u00adda\u00adgy so\u0148\u00adky \u00fdyl\u00adlar\u00adda sy\u00ad\u00fda\u00adhat\u00ad\u00e7y\u00adlyk \u00fc\u00e7in hem has k\u00f6p pe\u00fd\u00adda\u00adla\u00adny\u00adlyp ba\u015f\u00adlan\u00addy.<\/p>\n<p style=\"text-align: right;\"><strong>Araz\u00addur\u00addy A\u00ddT\u00adGEL\u00adDI\u00ad\u00ddEW, <\/strong><br \/>\n<strong>T\u00fcrk\u00adme\u00adnis\u00adta\u00adny\u0148 Ser\u00adhet ins\u00adti\u00adtu\u00adty\u00adny\u0148 uly mu\u00adgal\u00adly\u00admy.<\/strong><\/p>\n","protected":false},"excerpt":{"rendered":"<p>\u00dda\u00adkyn G\u00fcn\u00addo\u00adgar \u00fdur\u00addy bo\u00adlan Oman\u00adda il\u00adkin\u00adji kos\u00admod\u00adro\u00admy\u0148 gu\u00adrul\u00adjak\u00addy\u00adgy m\u00e4\u00adlim edil\u00addi. \u00abEt\u00adlaq\u00bb at\u00adly des\u00adga\u00adny\u0148 2030-njy \u00fdy\u00adla \u00e7en\u00adli do\u00adly i\u015fe gi\u00adri\u00adzil\u00adjek\u00addi\u00adgi bel\u00adle\u00adnil\u00ad\u00fd\u00e4r. \u00ddur\u00addu\u0148 ke\u00adnar\u00ad\u00fda\u00adka Dukm \u015f\u00e4\u00adhe\u00adrin\u00adde gu\u00adrul\u00adjak kos\u00admod\u00adrom\u00adda uly, or\u00adta we ki\u00ad\u00e7i g\u00f6w\u00adr\u00fcm\u00adli ra\u00adke\u00adta\u00adla\u00adry u\u00e7ur\u00admak \u00fc\u00e7in be\u00adket\u00adler bo\u00adlar. Bu ba\u00adra\u00adda go\u00adla\u00fd\u00adda Mas\u00adkat \u015f\u00e4\u00adhe\u00adrin\u00adde ge\u00ad\u00e7i\u00adri\u00adlen Kos\u00admos pudagyna bagy\u015flanan mas\u00adla\u00adha\u00adt\u00adda m\u00e4\u00adlim edil\u00addi. \u00ddur\u00addu\u0148 Mil\u00adli kos\u00admos hyz\u00admat\u00adla\u00adry kom\u00adpa\u00adni\u00ad\u00fda\u00adsy\u00adny\u0148 (Nascom) \u00fdol\u00adba\u015f\u00ad\u00e7y\u00adsy [&hellip;]<\/p>\n","protected":false},"author":2,"featured_media":98079,"comment_status":"open","ping_status":"closed","sticky":false,"template":"","format":"standard","meta":{"footnotes":""},"categories":[5],"tags":[],"acf":[],"_links":{"self":[{"href":"https:\/\/zamanturkmenistan.com.tm\/index.php?rest_route=\/wp\/v2\/posts\/98078"}],"collection":[{"href":"https:\/\/zamanturkmenistan.com.tm\/index.php?rest_route=\/wp\/v2\/posts"}],"about":[{"href":"https:\/\/zamanturkmenistan.com.tm\/index.php?rest_route=\/wp\/v2\/types\/post"}],"author":[{"embeddable":true,"href":"https:\/\/zamanturkmenistan.com.tm\/index.php?rest_route=\/wp\/v2\/users\/2"}],"replies":[{"embeddable":true,"href":"https:\/\/zamanturkmenistan.com.tm\/index.php?rest_route=%2Fwp%2Fv2%2Fcomments&post=98078"}],"version-history":[{"count":1,"href":"https:\/\/zamanturkmenistan.com.tm\/index.php?rest_route=\/wp\/v2\/posts\/98078\/revisions"}],"predecessor-version":[{"id":98080,"href":"https:\/\/zamanturkmenistan.com.tm\/index.php?rest_route=\/wp\/v2\/posts\/98078\/revisions\/98080"}],"wp:featuredmedia":[{"embeddable":true,"href":"https:\/\/zamanturkmenistan.com.tm\/index.php?rest_route=\/wp\/v2\/media\/98079"}],"wp:attachment":[{"href":"https:\/\/zamanturkmenistan.com.tm\/index.php?rest_route=%2Fwp%2Fv2%2Fmedia&parent=98078"}],"wp:term":[{"taxonomy":"category","embeddable":true,"href":"https:\/\/zamanturkmenistan.com.tm\/index.php?rest_route=%2Fwp%2Fv2%2Fcategories&post=98078"},{"taxonomy":"post_tag","embeddable":true,"href":"https:\/\/zamanturkmenistan.com.tm\/index.php?rest_route=%2Fwp%2Fv2%2Ftags&post=98078"}],"curies":[{"name":"wp","href":"https:\/\/api.w.org\/{rel}","templated":true}]}}