{"id":98477,"date":"2024-01-31T10:20:41","date_gmt":"2024-01-31T05:20:41","guid":{"rendered":"https:\/\/zamanturkmenistan.com.tm\/?p=98477"},"modified":"2024-01-31T10:20:41","modified_gmt":"2024-01-31T05:20:41","slug":"yaponiyanyn-meshur-dagyna-cykmak-ucin-caklendirme-giriziler","status":"publish","type":"post","link":"https:\/\/zamanturkmenistan.com.tm\/?p=98477","title":{"rendered":"\u00ddaponi\u00fdany\u0148 me\u015fhur dagyna \u00e7ykmak \u00fc\u00e7in \u00e7\u00e4klendirme giriziler"},"content":{"rendered":"<p>\u00ddaponi\u00fdany\u0148 \u00ddamanasi sebitini\u0148 \u00fdolba\u015f\u00e7ylary \u00fdurdu\u0148 g\u00f6zel \u00fderlerinden biri bolan Fudzi (Fuji hem di\u00fdil\u00fd\u00e4r) dagyna \u00e7ykmak \u00fc\u00e7in \u00e7\u00e4klendirme girizmek kararyna geldi. Bu karary\u0148 sy\u00fdahat\u00e7ylary\u0148 artykma\u00e7 akymyna gar\u015fy g\u00f6re\u015fi\u0148 bir b\u00f6legi h\u00f6km\u00fcnde kabul edilendigi bellenil\u00fd\u00e4r. T\u00e4ze d\u00fczg\u00fcne la\u00fdyklykda, \u015fu \u00fdyly\u0148 1-nji i\u00fdulyndan dagy\u0148 demirgazygyndaky me\u015fhur \u00fdodany\u0148 \u2013 \u00ddosida \u00fdoly bilen daga \u00e7ykmak isle\u00fd\u00e4n sy\u00fdahat\u00e7ylardan t\u00f6leg alnar. T\u00f6legi\u0148 mukdary fewral a\u00fdynda a\u00fdan ediler. Mundan ba\u015fga-da, Fuji dagyna \u00e7ykmaga rugsat berlenleri\u0148 sany \u00e7\u00e4klendiriler. O\u0148a \u00e7yk\u00fdanlary\u0148 sany 4000 adamdan k\u00f6p bolmaz we wagt \u00e7\u00e4kleri kesgitlener: daga \u00e7ykmak 16:00-dan 2:00-a \u00e7enli gadagan ediler. T\u00e4ze tertip daga \u00e7ykmak isle\u00fd\u00e4nleri\u0148 sanyny\u0148 di\u00fdse\u0148 k\u00e4ndigi seb\u00e4pli girizil\u00fd\u00e4r. \u00c7\u00fcnki dagda bol\u00fdan sy\u00fdahat\u00e7ylar yzlarynda zir-zibilleri galdyr\u00fdarlar. Mundan ba\u015fga-da, jahanke\u015fdeleri\u0148 k\u00e4n wagtynda \u00fd\u00fcze \u00e7yk\u00fdan \u00fdagda\u00fdlary\u0148 \u2013 tejribesiz myhmanlary\u0148 \u015fikeslenmegini\u0148 \u00f6\u0148\u00fcni almaga k\u00f6mek eder. \u00ddaponi\u00fdany\u0148 h\u00f6k\u00fcmetini\u0148 ber\u00fd\u00e4n maglumatlary 2023-nji \u00fdylda bu daga \u00e7ykanlary\u0148 sanyny\u0148 221 m\u00fc\u0148den ge\u00e7endigini tassykla\u00fdar. \u015eolary\u0148 137 m\u00fc\u0148\u00fcsi \u00ddosida \u00fdolundan ge\u00e7ipdirler. \u00ddamanasi prefekturasyny\u0148 h\u00e4kimi\u00fdetleri tarapyndan giriziljek \u00e7\u00e4klendirmeler bu \u00fderde zibili\u0148 artmagy hem-de tejribesiz jahanke\u015fdeleri\u0148 \u015fikes almagy bilen baglydyr. T\u00f6leglerden alynjak seri\u015fdeler \u00fdodany\u0148 \u00fdakasynda \u00fdanardag atylan halatynda ga\u00e7ybatalga gurmak we jahanke\u015fdelik ugruny goramak \u00fc\u00e7in sarp ediler.<\/p>\n<p style=\"text-align: right;\"><strong>M\u00e4hrem BABAMYRADOWA, Hojambaz etrabyny\u0148 \u00fda\u015fa\u00fdjysy.<\/strong><\/p>\n","protected":false},"excerpt":{"rendered":"<p>\u00ddaponi\u00fdany\u0148 \u00ddamanasi sebitini\u0148 \u00fdolba\u015f\u00e7ylary \u00fdurdu\u0148 g\u00f6zel \u00fderlerinden biri bolan Fudzi (Fuji hem di\u00fdil\u00fd\u00e4r) dagyna \u00e7ykmak \u00fc\u00e7in \u00e7\u00e4klendirme girizmek kararyna geldi. Bu karary\u0148 sy\u00fdahat\u00e7ylary\u0148 artykma\u00e7 akymyna gar\u015fy g\u00f6re\u015fi\u0148 bir b\u00f6legi h\u00f6km\u00fcnde kabul edilendigi bellenil\u00fd\u00e4r. T\u00e4ze d\u00fczg\u00fcne la\u00fdyklykda, \u015fu \u00fdyly\u0148 1-nji i\u00fdulyndan dagy\u0148 demirgazygyndaky me\u015fhur \u00fdodany\u0148 \u2013 \u00ddosida \u00fdoly bilen daga \u00e7ykmak isle\u00fd\u00e4n sy\u00fdahat\u00e7ylardan t\u00f6leg alnar. T\u00f6legi\u0148 [&hellip;]<\/p>\n","protected":false},"author":2,"featured_media":98478,"comment_status":"open","ping_status":"closed","sticky":false,"template":"","format":"standard","meta":{"footnotes":""},"categories":[5],"tags":[],"acf":[],"_links":{"self":[{"href":"https:\/\/zamanturkmenistan.com.tm\/index.php?rest_route=\/wp\/v2\/posts\/98477"}],"collection":[{"href":"https:\/\/zamanturkmenistan.com.tm\/index.php?rest_route=\/wp\/v2\/posts"}],"about":[{"href":"https:\/\/zamanturkmenistan.com.tm\/index.php?rest_route=\/wp\/v2\/types\/post"}],"author":[{"embeddable":true,"href":"https:\/\/zamanturkmenistan.com.tm\/index.php?rest_route=\/wp\/v2\/users\/2"}],"replies":[{"embeddable":true,"href":"https:\/\/zamanturkmenistan.com.tm\/index.php?rest_route=%2Fwp%2Fv2%2Fcomments&post=98477"}],"version-history":[{"count":1,"href":"https:\/\/zamanturkmenistan.com.tm\/index.php?rest_route=\/wp\/v2\/posts\/98477\/revisions"}],"predecessor-version":[{"id":98479,"href":"https:\/\/zamanturkmenistan.com.tm\/index.php?rest_route=\/wp\/v2\/posts\/98477\/revisions\/98479"}],"wp:featuredmedia":[{"embeddable":true,"href":"https:\/\/zamanturkmenistan.com.tm\/index.php?rest_route=\/wp\/v2\/media\/98478"}],"wp:attachment":[{"href":"https:\/\/zamanturkmenistan.com.tm\/index.php?rest_route=%2Fwp%2Fv2%2Fmedia&parent=98477"}],"wp:term":[{"taxonomy":"category","embeddable":true,"href":"https:\/\/zamanturkmenistan.com.tm\/index.php?rest_route=%2Fwp%2Fv2%2Fcategories&post=98477"},{"taxonomy":"post_tag","embeddable":true,"href":"https:\/\/zamanturkmenistan.com.tm\/index.php?rest_route=%2Fwp%2Fv2%2Ftags&post=98477"}],"curies":[{"name":"wp","href":"https:\/\/api.w.org\/{rel}","templated":true}]}}