{"id":98483,"date":"2024-01-31T10:40:25","date_gmt":"2024-01-31T05:40:25","guid":{"rendered":"https:\/\/zamanturkmenistan.com.tm\/?p=98483"},"modified":"2024-01-31T10:40:25","modified_gmt":"2024-01-31T05:40:25","slug":"turkmenistanyn-telekecileri-eyranyn-eksport-mumkincilikleri-boyunca-sergisine-cagyrylyar","status":"publish","type":"post","link":"https:\/\/zamanturkmenistan.com.tm\/?p=98483","title":{"rendered":"T\u00fcrkmenistany\u0148 teleke\u00e7ileri E\u00fdrany\u0148 eksport m\u00fcmkin\u00e7ilikleri bo\u00fdun\u00e7a sergisine \u00e7agyryl\u00fdar"},"content":{"rendered":"<p>T\u00fcrkmen i\u015few\u00fcrleri E\u00fdran Yslam Respublikasyny\u0148 eksport m\u00fcmkin\u00e7ilikleri bilen tany\u015fmaga \u015fert d\u00f6red\u00fd\u00e4n \u201cIran Expo 2024\u201d atly altynjy sergisine \u00e7agyryl\u00fdar. Bu sergi \u015fu \u00fdyly\u0148 27-nji apreli we 1-nji ma\u00fdy aralygynda gural\u00fdar. Teleke\u00e7ilere we i\u015few\u00fcrlere sergini\u0148 dowamynda d\u00fcrli \u00fde\u0148illik g\u00f6z \u00f6\u0148\u00fcnde tutul\u00fdar.<br \/>\nGyzyklanma bildir\u00fd\u00e4nler \u00fc\u00e7in: +99312-21-23-75<\/p>\n","protected":false},"excerpt":{"rendered":"<p>T\u00fcrkmen i\u015few\u00fcrleri E\u00fdran Yslam Respublikasyny\u0148 eksport m\u00fcmkin\u00e7ilikleri bilen tany\u015fmaga \u015fert d\u00f6red\u00fd\u00e4n \u201cIran Expo 2024\u201d atly altynjy sergisine \u00e7agyryl\u00fdar. Bu sergi \u015fu \u00fdyly\u0148 27-nji apreli we 1-nji ma\u00fdy aralygynda gural\u00fdar. Teleke\u00e7ilere we i\u015few\u00fcrlere sergini\u0148 dowamynda d\u00fcrli \u00fde\u0148illik g\u00f6z \u00f6\u0148\u00fcnde tutul\u00fdar. Gyzyklanma bildir\u00fd\u00e4nler \u00fc\u00e7in: +99312-21-23-75<\/p>\n","protected":false},"author":2,"featured_media":98484,"comment_status":"open","ping_status":"closed","sticky":false,"template":"","format":"standard","meta":{"footnotes":""},"categories":[8273,724],"tags":[],"acf":[],"_links":{"self":[{"href":"https:\/\/zamanturkmenistan.com.tm\/index.php?rest_route=\/wp\/v2\/posts\/98483"}],"collection":[{"href":"https:\/\/zamanturkmenistan.com.tm\/index.php?rest_route=\/wp\/v2\/posts"}],"about":[{"href":"https:\/\/zamanturkmenistan.com.tm\/index.php?rest_route=\/wp\/v2\/types\/post"}],"author":[{"embeddable":true,"href":"https:\/\/zamanturkmenistan.com.tm\/index.php?rest_route=\/wp\/v2\/users\/2"}],"replies":[{"embeddable":true,"href":"https:\/\/zamanturkmenistan.com.tm\/index.php?rest_route=%2Fwp%2Fv2%2Fcomments&post=98483"}],"version-history":[{"count":1,"href":"https:\/\/zamanturkmenistan.com.tm\/index.php?rest_route=\/wp\/v2\/posts\/98483\/revisions"}],"predecessor-version":[{"id":98485,"href":"https:\/\/zamanturkmenistan.com.tm\/index.php?rest_route=\/wp\/v2\/posts\/98483\/revisions\/98485"}],"wp:featuredmedia":[{"embeddable":true,"href":"https:\/\/zamanturkmenistan.com.tm\/index.php?rest_route=\/wp\/v2\/media\/98484"}],"wp:attachment":[{"href":"https:\/\/zamanturkmenistan.com.tm\/index.php?rest_route=%2Fwp%2Fv2%2Fmedia&parent=98483"}],"wp:term":[{"taxonomy":"category","embeddable":true,"href":"https:\/\/zamanturkmenistan.com.tm\/index.php?rest_route=%2Fwp%2Fv2%2Fcategories&post=98483"},{"taxonomy":"post_tag","embeddable":true,"href":"https:\/\/zamanturkmenistan.com.tm\/index.php?rest_route=%2Fwp%2Fv2%2Ftags&post=98483"}],"curies":[{"name":"wp","href":"https:\/\/api.w.org\/{rel}","templated":true}]}}