{"id":98865,"date":"2024-02-03T14:51:59","date_gmt":"2024-02-03T09:51:59","guid":{"rendered":"https:\/\/zamanturkmenistan.com.tm\/?p=98865"},"modified":"2024-02-03T14:51:59","modified_gmt":"2024-02-03T09:51:59","slug":"gruziyanyn-hokumetinin-taze-duzumi-parlamente-hodurlenyar","status":"publish","type":"post","link":"https:\/\/zamanturkmenistan.com.tm\/?p=98865","title":{"rendered":"Gruzi\u00fdany\u0148 h\u00f6k\u00fcmetini\u0148 t\u00e4ze d\u00fcz\u00fcmi parlamente h\u00f6d\u00fcrlen\u00fd\u00e4r"},"content":{"rendered":"<p>Gruzi\u00fdany\u0148 h\u00f6k\u00fcmetini\u0148 t\u00e4ze d\u00fcz\u00fcmi we \u201c\u00ddewropa d\u00f6wletini gurmagy\u0148 hatyrasyna\u201d maksatnamasy parlamenti\u0148 b\u00fdurosyna garamagyna h\u00f6d\u00fcrlendi. \u015eol bir wagty\u0148 \u00f6z\u00fcnde, b\u00fduro 6-njy fewralda ge\u00e7iriljek \u00fdazky mejlisi\u0148 ilkinji mejlisini\u0148 g\u00fcn tertibini, \u015fe\u00fdle hem \u00fdurdu\u0148 Prezidentini\u0148 so\u0148ky hasabatyny di\u0148lemek meselesini tassyklady.<\/p>\n<p>H\u00f6k\u00fcmeti\u0148 we h\u00f6k\u00fcmet maksatnamasyny\u0148 t\u00e4ze d\u00fcz\u00fcmine ynam bildirmek meselesini\u0148 ilki bilen parlament komitetlerini\u0148, toparlaryny\u0148 we sy\u00fdasy toparlaryny\u0148 mejlislerinde, so\u0148 bolsa umumy mejlisde garaljakdygy bellenil\u00fd\u00e4r.<\/p>\n<p>\u00ddatlap ge\u00e7sek, Gruzi\u00fdany\u0148 Prem\u00fder-ministri Irakli Gariba\u015fwili 29-njy \u00fdanwarda wezipesinden \u00e7ekilenso\u0148, onu\u0148 ygty\u00fdarlyklary \u00fdatyrylsa-da, ministrler \u00f6z wezipelerini \u00fderine \u00fdetirmeklerini dowam etdir\u00fd\u00e4rler.<\/p>\n<p>H\u00e4kimi\u00fdet ba\u015fyndaky &#8220;Gruzin arzuwy &#8211; Demokratik Gruzi\u00fda&#8221; parti\u00fdasyny\u0148 gurulta\u00fdynda parti\u00fdany\u0148 ba\u015flygy Irakli Kobahidze t\u00e4ze Prem\u00fder-ministrlige h\u00f6d\u00fcrlendi.<\/p>\n<p>Parlament t\u00e4ze Prem\u00fder-ministri, Ministrler Kabinetini we maksatnamasyny tassyklandan so\u0148, Prezident Salome Zurabi\u015fwili Irakli Kobahidzeni iki g\u00fcn\u00fc\u0148 i\u00e7inde \u00fdurdu\u0148 Prem\u00fder-ministri h\u00f6km\u00fcnde tassyklamaly.<\/p>\n","protected":false},"excerpt":{"rendered":"<p>Gruzi\u00fdany\u0148 h\u00f6k\u00fcmetini\u0148 t\u00e4ze d\u00fcz\u00fcmi we \u201c\u00ddewropa d\u00f6wletini gurmagy\u0148 hatyrasyna\u201d maksatnamasy parlamenti\u0148 b\u00fdurosyna garamagyna h\u00f6d\u00fcrlendi. \u015eol bir wagty\u0148 \u00f6z\u00fcnde, b\u00fduro 6-njy fewralda ge\u00e7iriljek \u00fdazky mejlisi\u0148 ilkinji mejlisini\u0148 g\u00fcn tertibini, \u015fe\u00fdle hem \u00fdurdu\u0148 Prezidentini\u0148 so\u0148ky hasabatyny di\u0148lemek meselesini tassyklady. H\u00f6k\u00fcmeti\u0148 we h\u00f6k\u00fcmet maksatnamasyny\u0148 t\u00e4ze d\u00fcz\u00fcmine ynam bildirmek meselesini\u0148 ilki bilen parlament komitetlerini\u0148, toparlaryny\u0148 we sy\u00fdasy toparlaryny\u0148 mejlislerinde, [&hellip;]<\/p>\n","protected":false},"author":2,"featured_media":98866,"comment_status":"open","ping_status":"closed","sticky":false,"template":"","format":"standard","meta":{"footnotes":""},"categories":[5],"tags":[],"acf":[],"_links":{"self":[{"href":"https:\/\/zamanturkmenistan.com.tm\/index.php?rest_route=\/wp\/v2\/posts\/98865"}],"collection":[{"href":"https:\/\/zamanturkmenistan.com.tm\/index.php?rest_route=\/wp\/v2\/posts"}],"about":[{"href":"https:\/\/zamanturkmenistan.com.tm\/index.php?rest_route=\/wp\/v2\/types\/post"}],"author":[{"embeddable":true,"href":"https:\/\/zamanturkmenistan.com.tm\/index.php?rest_route=\/wp\/v2\/users\/2"}],"replies":[{"embeddable":true,"href":"https:\/\/zamanturkmenistan.com.tm\/index.php?rest_route=%2Fwp%2Fv2%2Fcomments&post=98865"}],"version-history":[{"count":1,"href":"https:\/\/zamanturkmenistan.com.tm\/index.php?rest_route=\/wp\/v2\/posts\/98865\/revisions"}],"predecessor-version":[{"id":98867,"href":"https:\/\/zamanturkmenistan.com.tm\/index.php?rest_route=\/wp\/v2\/posts\/98865\/revisions\/98867"}],"wp:featuredmedia":[{"embeddable":true,"href":"https:\/\/zamanturkmenistan.com.tm\/index.php?rest_route=\/wp\/v2\/media\/98866"}],"wp:attachment":[{"href":"https:\/\/zamanturkmenistan.com.tm\/index.php?rest_route=%2Fwp%2Fv2%2Fmedia&parent=98865"}],"wp:term":[{"taxonomy":"category","embeddable":true,"href":"https:\/\/zamanturkmenistan.com.tm\/index.php?rest_route=%2Fwp%2Fv2%2Fcategories&post=98865"},{"taxonomy":"post_tag","embeddable":true,"href":"https:\/\/zamanturkmenistan.com.tm\/index.php?rest_route=%2Fwp%2Fv2%2Ftags&post=98865"}],"curies":[{"name":"wp","href":"https:\/\/api.w.org\/{rel}","templated":true}]}}