{"id":98893,"date":"2024-02-05T12:27:43","date_gmt":"2024-02-05T07:27:43","guid":{"rendered":"https:\/\/zamanturkmenistan.com.tm\/?p=98893"},"modified":"2024-02-05T12:27:43","modified_gmt":"2024-02-05T07:27:43","slug":"nangolo-mbumba-namibiyanyn-prezidenti-hokmunde-kasam-etdi","status":"publish","type":"post","link":"https:\/\/zamanturkmenistan.com.tm\/?p=98893","title":{"rendered":"Nangolo Mbumba Namibi\u00fdany\u0148 Prezidenti h\u00f6km\u00fcnde kasam etdi"},"content":{"rendered":"<p>Namibi\u00fdany\u0148 wise-prezidenti Nangolo Mbumba \u00fdurdu\u0148 t\u00e4ze Prezidenti h\u00f6km\u00fcnde kasam kabul etdi. Ol 4-nji fewralda aradan \u00e7ykan 82 \u00fda\u015fly Hage Geingoby\u0148 \u00fderine ge\u00e7di. Bu \u00e7\u00e4re Windhuked\u00e4ki Prezident rezidensi\u00fdasynda guralyp, Namibi\u00fdany\u0148 \u201cNamibian Sun\u201d gazeti tarapyndan sosial ulgamlarda \u00fda\u00fdlyma berildi. Namibi\u00fdany\u0148 t\u00e4ze Prezidenti da\u015fary i\u015fler ministri Netumbo Nandi-Ndaitwy wise-prezident wezipesine belledi.<\/p>\n<p>1941-nji \u00fdyly\u0148 3-nji awgustynda doglan Hage Geingob, 2019-njy \u00fdyly\u0148 no\u00fdabr a\u00fdynda Namibi\u00fdany\u0148 Prezidenti wezipesine sa\u00fdlandy. Ondan \u00f6\u0148 2014-nji \u00fdyly\u0148 no\u00fdabr a\u00fdynda bu wezip\u00e4 sa\u00fdlanypdy.<\/p>\n","protected":false},"excerpt":{"rendered":"<p>Namibi\u00fdany\u0148 wise-prezidenti Nangolo Mbumba \u00fdurdu\u0148 t\u00e4ze Prezidenti h\u00f6km\u00fcnde kasam kabul etdi. Ol 4-nji fewralda aradan \u00e7ykan 82 \u00fda\u015fly Hage Geingoby\u0148 \u00fderine ge\u00e7di. Bu \u00e7\u00e4re Windhuked\u00e4ki Prezident rezidensi\u00fdasynda guralyp, Namibi\u00fdany\u0148 \u201cNamibian Sun\u201d gazeti tarapyndan sosial ulgamlarda \u00fda\u00fdlyma berildi. Namibi\u00fdany\u0148 t\u00e4ze Prezidenti da\u015fary i\u015fler ministri Netumbo Nandi-Ndaitwy wise-prezident wezipesine belledi. 1941-nji \u00fdyly\u0148 3-nji awgustynda doglan Hage Geingob, [&hellip;]<\/p>\n","protected":false},"author":2,"featured_media":98894,"comment_status":"open","ping_status":"closed","sticky":false,"template":"","format":"standard","meta":{"footnotes":""},"categories":[5],"tags":[],"acf":[],"_links":{"self":[{"href":"https:\/\/zamanturkmenistan.com.tm\/index.php?rest_route=\/wp\/v2\/posts\/98893"}],"collection":[{"href":"https:\/\/zamanturkmenistan.com.tm\/index.php?rest_route=\/wp\/v2\/posts"}],"about":[{"href":"https:\/\/zamanturkmenistan.com.tm\/index.php?rest_route=\/wp\/v2\/types\/post"}],"author":[{"embeddable":true,"href":"https:\/\/zamanturkmenistan.com.tm\/index.php?rest_route=\/wp\/v2\/users\/2"}],"replies":[{"embeddable":true,"href":"https:\/\/zamanturkmenistan.com.tm\/index.php?rest_route=%2Fwp%2Fv2%2Fcomments&post=98893"}],"version-history":[{"count":1,"href":"https:\/\/zamanturkmenistan.com.tm\/index.php?rest_route=\/wp\/v2\/posts\/98893\/revisions"}],"predecessor-version":[{"id":98895,"href":"https:\/\/zamanturkmenistan.com.tm\/index.php?rest_route=\/wp\/v2\/posts\/98893\/revisions\/98895"}],"wp:featuredmedia":[{"embeddable":true,"href":"https:\/\/zamanturkmenistan.com.tm\/index.php?rest_route=\/wp\/v2\/media\/98894"}],"wp:attachment":[{"href":"https:\/\/zamanturkmenistan.com.tm\/index.php?rest_route=%2Fwp%2Fv2%2Fmedia&parent=98893"}],"wp:term":[{"taxonomy":"category","embeddable":true,"href":"https:\/\/zamanturkmenistan.com.tm\/index.php?rest_route=%2Fwp%2Fv2%2Fcategories&post=98893"},{"taxonomy":"post_tag","embeddable":true,"href":"https:\/\/zamanturkmenistan.com.tm\/index.php?rest_route=%2Fwp%2Fv2%2Ftags&post=98893"}],"curies":[{"name":"wp","href":"https:\/\/api.w.org\/{rel}","templated":true}]}}