{"id":98908,"date":"2024-02-05T15:36:23","date_gmt":"2024-02-05T10:36:23","guid":{"rendered":"https:\/\/zamanturkmenistan.com.tm\/?p=98908"},"modified":"2024-02-05T15:36:23","modified_gmt":"2024-02-05T10:36:23","slug":"russiya-demirgazyk-gunorta-halkara-ulag-gecelgesi-bilen-birlesyan-iki-taslamany-goldayar","status":"publish","type":"post","link":"https:\/\/zamanturkmenistan.com.tm\/?p=98908","title":{"rendered":"Russi\u00fda \u00abDemirgazyk \u2014 G\u00fcnorta\u00bb Halkara ulag ge\u00e7elgesi bilen birle\u015f\u00fd\u00e4n iki taslamany golda\u00fdar"},"content":{"rendered":"<p>Russi\u00fda \u00abDemirgazyk \u2014 G\u00fcnorta\u00bb Halkara ulag ge\u00e7elgesi bilen baglany\u015fykly geljegi uly bolan ulag ge\u00e7elgelerini\u0148 ikisini \u00f6sd\u00fcrmek i\u015fine gatna\u015fmagy me\u00fdille\u015fdir\u00fd\u00e4r. Bu barada \u00abGDA-ny\u0148 ykdysady \u00f6s\u00fc\u015f bo\u00fdun\u00e7a i\u015few\u00fcrlik merkezi\u00bb assosiasi\u00fdasyny\u0148 Ba\u015f direktory Wadim Ganin GDA-ny\u0148 ulag bo\u00fdun\u00e7a i\u015few\u00fcrlik geple\u015fiklerini\u0148 ikinji \u00fdygnagynda eden \u00e7yky\u015fynda a\u00fdtdy.<br \/>\nBirinji taslama \u00d6zbegistan tarapyndan 2021-nji \u00fdylda ba\u015flanan \u00abOwganystany\u0148 \u00fcst\u00fcnden uza\u00fdan ge\u00e7elg\u00e4ni\u00bb d\u00f6retmek. T\u00e4ze ulag ge\u00e7elgesi \u00ddewropa Bilele\u015figi, Belarus, Russi\u00fda, \u00d6zbegistan, Owganystan, Pakistan, Hindistan we G\u00fcnorta-G\u00fcndogar Azi\u00fda d\u00f6wletlerini birle\u015fdirer. Gyrgyzystan \u00abRussi\u00fda \u2014 Hazar de\u0148zi \u2014 T\u00fcrkmenistan \u2014 \u00d6zbegistan \u2014 Gyrgyzystan\u00bb \u00fda-da \u00abG\u00fcnorta ulag ge\u00e7elgesi\u00bb multimodal ge\u00e7elgesini d\u00f6retmek bo\u00fdun\u00e7a infrastruktura ba\u015flangyjy bilen \u00e7yky\u015f etdi.<br \/>\n\u00d6zbegistany\u0148 we T\u00fcrkmenistany\u0148 \u00e7\u00e4ginde \u00fd\u00fck da\u015famak \u00fc\u00e7in demir \u00fdolu\u0148 m\u00fcmkin\u00e7iliklerinden pe\u00fddalanmak bolar. Gyrgyz tarapy hut \u015fu m\u00fcmkin\u00e7iligi ileri tut\u00fdar. Ilki bilen konte\u00fdnerleri\u0148 Gyrgyzystandan T\u00fcrkmenba\u015fyny\u0148 halkara de\u0148iz portuna getirilmegine gara\u015fyl\u00fdar. So\u0148ra bolsa paromlarda Russi\u00fda ugradylar.<br \/>\nD\u00f6wletara taslama durmu\u015fa ge\u00e7irilip ba\u015flansa, T\u00fcrkmenistan \u00fd\u00f6rite port ykdysady zolagynda logistika merkezini d\u00f6redip, Gyrgyzystandan gel\u00fd\u00e4n harytlar Russi\u00fda iberilmezden \u00f6\u0148 \u015fol \u00fderde saklanar.<br \/>\n\u00c7e\u015fme: awtoulag.gov.tm<\/p>\n","protected":false},"excerpt":{"rendered":"<p>Russi\u00fda \u00abDemirgazyk \u2014 G\u00fcnorta\u00bb Halkara ulag ge\u00e7elgesi bilen baglany\u015fykly geljegi uly bolan ulag ge\u00e7elgelerini\u0148 ikisini \u00f6sd\u00fcrmek i\u015fine gatna\u015fmagy me\u00fdille\u015fdir\u00fd\u00e4r. Bu barada \u00abGDA-ny\u0148 ykdysady \u00f6s\u00fc\u015f bo\u00fdun\u00e7a i\u015few\u00fcrlik merkezi\u00bb assosiasi\u00fdasyny\u0148 Ba\u015f direktory Wadim Ganin GDA-ny\u0148 ulag bo\u00fdun\u00e7a i\u015few\u00fcrlik geple\u015fiklerini\u0148 ikinji \u00fdygnagynda eden \u00e7yky\u015fynda a\u00fdtdy. Birinji taslama \u00d6zbegistan tarapyndan 2021-nji \u00fdylda ba\u015flanan \u00abOwganystany\u0148 \u00fcst\u00fcnden uza\u00fdan ge\u00e7elg\u00e4ni\u00bb d\u00f6retmek. T\u00e4ze [&hellip;]<\/p>\n","protected":false},"author":2,"featured_media":63900,"comment_status":"open","ping_status":"closed","sticky":false,"template":"","format":"standard","meta":{"footnotes":""},"categories":[3],"tags":[],"acf":[],"_links":{"self":[{"href":"https:\/\/zamanturkmenistan.com.tm\/index.php?rest_route=\/wp\/v2\/posts\/98908"}],"collection":[{"href":"https:\/\/zamanturkmenistan.com.tm\/index.php?rest_route=\/wp\/v2\/posts"}],"about":[{"href":"https:\/\/zamanturkmenistan.com.tm\/index.php?rest_route=\/wp\/v2\/types\/post"}],"author":[{"embeddable":true,"href":"https:\/\/zamanturkmenistan.com.tm\/index.php?rest_route=\/wp\/v2\/users\/2"}],"replies":[{"embeddable":true,"href":"https:\/\/zamanturkmenistan.com.tm\/index.php?rest_route=%2Fwp%2Fv2%2Fcomments&post=98908"}],"version-history":[{"count":1,"href":"https:\/\/zamanturkmenistan.com.tm\/index.php?rest_route=\/wp\/v2\/posts\/98908\/revisions"}],"predecessor-version":[{"id":98909,"href":"https:\/\/zamanturkmenistan.com.tm\/index.php?rest_route=\/wp\/v2\/posts\/98908\/revisions\/98909"}],"wp:featuredmedia":[{"embeddable":true,"href":"https:\/\/zamanturkmenistan.com.tm\/index.php?rest_route=\/wp\/v2\/media\/63900"}],"wp:attachment":[{"href":"https:\/\/zamanturkmenistan.com.tm\/index.php?rest_route=%2Fwp%2Fv2%2Fmedia&parent=98908"}],"wp:term":[{"taxonomy":"category","embeddable":true,"href":"https:\/\/zamanturkmenistan.com.tm\/index.php?rest_route=%2Fwp%2Fv2%2Fcategories&post=98908"},{"taxonomy":"post_tag","embeddable":true,"href":"https:\/\/zamanturkmenistan.com.tm\/index.php?rest_route=%2Fwp%2Fv2%2Ftags&post=98908"}],"curies":[{"name":"wp","href":"https:\/\/api.w.org\/{rel}","templated":true}]}}