{"id":99134,"date":"2024-02-08T11:59:21","date_gmt":"2024-02-08T06:59:21","guid":{"rendered":"https:\/\/zamanturkmenistan.com.tm\/?p=99134"},"modified":"2024-02-08T11:59:21","modified_gmt":"2024-02-08T06:59:21","slug":"eyran-turkmen-serhedine-cenli-awtomobil-yoluny-gurar","status":"publish","type":"post","link":"https:\/\/zamanturkmenistan.com.tm\/?p=99134","title":{"rendered":"E\u00fdran t\u00fcrkmen serhedine \u00e7enli awtomobil \u00fdoluny gurar"},"content":{"rendered":"<p>E\u00fdran Yslam Respublikasyny\u0148 G\u00fcl\u00fcstan sebitini\u0148 h\u00e4kimini\u0148 ykdysady meseleler bo\u00fdun\u00e7a utga\u015fdyryjy orunbasary Sa\u00fded Mohammed Dehnewi e\u00fdran tarapyny\u0148 \u00fdakyn iki a\u00fdy\u0148 dowamynda In\u00e7eburun \u015f\u00e4her\u00e7esinden T\u00fcrkmenistany\u0148 Balkan wela\u00fdatyna \u00e7enli awtomobil \u00fdoluny\u0148 gurlu\u015fygyna giri\u015fjekdigini m\u00e4lim etdi.<br \/>\n\u201cBu me\u00fdilnamany durmu\u015fa ge\u00e7irmegi\u0148 esasy seb\u00e4plerini\u0148 biri E\u00fdrany\u0148 T\u00fcrkmenistana we Azi\u00fdany\u0148 be\u00fdleki \u00fdurtlaryna eksportyny\u0148 m\u00f6\u00e7berini\u0148 yzygiderli artmagy bilen baglany\u015fyklydyr\u201d di\u00fdip, Sa\u00fded Mohammed Dehnewi E\u00fdrany\u0148 d\u00f6wlet Ba\u015ftutanyny\u0148 G\u00fcl\u00fcstan sebitine amala a\u015fyran i\u015f saparyny\u0148 jemlerine bagy\u015flanyp ge\u00e7irilen metbugat \u00fdygnagynda a\u00fdtdy.<br \/>\nOl \u015fe\u00fdle hem bu sebiti\u0148 eksport m\u00fcmkin\u00e7iliklerini\u0148 \u00e7alt depginde \u00fdokarlan\u00fdandygyny belledi. Da\u015farky bazara iberilen harytlary\u0148 m\u00f6\u00e7beri 265 million dollara \u00fdet\u00fd\u00e4r. Geljekde bu g\u00f6rkezijini 300 million dollara \u00fdetirmek g\u00f6z \u00f6\u0148\u00fcnde tutul\u00fdar.<br \/>\nMundan da\u015fary, G\u00fcl\u00fcstan sebitini\u0148 importy hem 187 g\u00f6terim \u00f6sdi. Import edilen zerur harytlary\u0148 aglabasy T\u00fcrkmenistandan getirildi. Umuman alany\u0148da, T\u00fcrkmenistany\u0148 we E\u00fdrany\u0148 s\u00f6wda-ykdysady hyzmatda\u015fly barha \u00f6s\u00fd\u00e4r.<br \/>\n\u00c7e\u015fme: tca.gov.tm<\/p>\n","protected":false},"excerpt":{"rendered":"<p>E\u00fdran Yslam Respublikasyny\u0148 G\u00fcl\u00fcstan sebitini\u0148 h\u00e4kimini\u0148 ykdysady meseleler bo\u00fdun\u00e7a utga\u015fdyryjy orunbasary Sa\u00fded Mohammed Dehnewi e\u00fdran tarapyny\u0148 \u00fdakyn iki a\u00fdy\u0148 dowamynda In\u00e7eburun \u015f\u00e4her\u00e7esinden T\u00fcrkmenistany\u0148 Balkan wela\u00fdatyna \u00e7enli awtomobil \u00fdoluny\u0148 gurlu\u015fygyna giri\u015fjekdigini m\u00e4lim etdi. \u201cBu me\u00fdilnamany durmu\u015fa ge\u00e7irmegi\u0148 esasy seb\u00e4plerini\u0148 biri E\u00fdrany\u0148 T\u00fcrkmenistana we Azi\u00fdany\u0148 be\u00fdleki \u00fdurtlaryna eksportyny\u0148 m\u00f6\u00e7berini\u0148 yzygiderli artmagy bilen baglany\u015fyklydyr\u201d di\u00fdip, Sa\u00fded Mohammed Dehnewi [&hellip;]<\/p>\n","protected":false},"author":2,"featured_media":99135,"comment_status":"open","ping_status":"closed","sticky":false,"template":"","format":"standard","meta":{"footnotes":""},"categories":[3],"tags":[],"acf":[],"_links":{"self":[{"href":"https:\/\/zamanturkmenistan.com.tm\/index.php?rest_route=\/wp\/v2\/posts\/99134"}],"collection":[{"href":"https:\/\/zamanturkmenistan.com.tm\/index.php?rest_route=\/wp\/v2\/posts"}],"about":[{"href":"https:\/\/zamanturkmenistan.com.tm\/index.php?rest_route=\/wp\/v2\/types\/post"}],"author":[{"embeddable":true,"href":"https:\/\/zamanturkmenistan.com.tm\/index.php?rest_route=\/wp\/v2\/users\/2"}],"replies":[{"embeddable":true,"href":"https:\/\/zamanturkmenistan.com.tm\/index.php?rest_route=%2Fwp%2Fv2%2Fcomments&post=99134"}],"version-history":[{"count":1,"href":"https:\/\/zamanturkmenistan.com.tm\/index.php?rest_route=\/wp\/v2\/posts\/99134\/revisions"}],"predecessor-version":[{"id":99136,"href":"https:\/\/zamanturkmenistan.com.tm\/index.php?rest_route=\/wp\/v2\/posts\/99134\/revisions\/99136"}],"wp:featuredmedia":[{"embeddable":true,"href":"https:\/\/zamanturkmenistan.com.tm\/index.php?rest_route=\/wp\/v2\/media\/99135"}],"wp:attachment":[{"href":"https:\/\/zamanturkmenistan.com.tm\/index.php?rest_route=%2Fwp%2Fv2%2Fmedia&parent=99134"}],"wp:term":[{"taxonomy":"category","embeddable":true,"href":"https:\/\/zamanturkmenistan.com.tm\/index.php?rest_route=%2Fwp%2Fv2%2Fcategories&post=99134"},{"taxonomy":"post_tag","embeddable":true,"href":"https:\/\/zamanturkmenistan.com.tm\/index.php?rest_route=%2Fwp%2Fv2%2Ftags&post=99134"}],"curies":[{"name":"wp","href":"https:\/\/api.w.org\/{rel}","templated":true}]}}