{"id":99182,"date":"2024-02-09T09:51:05","date_gmt":"2024-02-09T04:51:05","guid":{"rendered":"https:\/\/zamanturkmenistan.com.tm\/?p=99182"},"modified":"2024-02-09T09:51:05","modified_gmt":"2024-02-09T04:51:05","slug":"turkmenistanyn-hem-de-bmg-nin-adam-hukuklary-boyunca-yokary-komissarynyn-edarasynyn-arasyndaky-hyzmatdaslyk-bilen-bagly-maslahatlasmalar","status":"publish","type":"post","link":"https:\/\/zamanturkmenistan.com.tm\/?p=99182","title":{"rendered":"T\u00fcrkmenistany\u0148 hem-de BMG-ni\u0148 Adam hukuklary bo\u00fdun\u00e7a \u00fdokary komissaryny\u0148 edarasyny\u0148 arasyndaky hyzmatda\u015flyk bilen bagly maslahatla\u015fmalar"},"content":{"rendered":"<p>6-njy fewralda \u017denewa \u015f\u00e4herinde \u00fderle\u015f\u00fd\u00e4n Wilson k\u00f6\u015fg\u00fcnde T\u00fcrkmenistany\u0148 BMG-ni\u0148 \u017denewadaky edarasyny\u0148 \u00fdanyndaky Hemi\u015felik wekili W.Haji\u00fdewi\u0148 hem-de Birle\u015fen Milletler Guramasyny\u0148 Adam hukuklary bo\u00fdun\u00e7a \u00fdokary komissary Folker T\u00fcrki\u0148 arasynda du\u015fu\u015fyk ge\u00e7irildi.<br \/>\nDu\u015fu\u015fygy\u0148 dowamynda t\u00fcrkmen tarapy BMG-ni\u0148 \u00fdurdumyz \u00fc\u00e7in ileri tutul\u00fdan hyzmatda\u015flaryny\u0148 biri bolup dur\u00fdandygy, \u015fe\u00fdle hem T\u00fcrkmenistany\u0148 bu guramany\u0148 \u00f6zenini emele getir\u00fd\u00e4n gymmatlyklara we \u00fd\u00f6relgelerine ygrarly bolup gal\u00fdandygy barada a\u00fdratyn nygtap ge\u00e7di ge\u00e7di.<br \/>\n\u015eunu\u0148 bilen baglylykda, T\u00fcrkmenistan Adam hukuklary bo\u00fdun\u00e7a \u00fdokary komissaryny\u0148 edarasyny\u0148 \u00fdakyn hyzmatda\u015flygy saklamagy wajyp hasapla\u00fdar.<br \/>\n2008-nji \u00fdylda Gyrgyz Respublikasyny\u0148 Bi\u015fkek \u015f\u00e4herinde a\u00e7ylan Adam hukuklary bo\u00fdun\u00e7a \u00fdokary komissaryny\u0148 edarasyny\u0148 sebitle\u00fdin wekilhanasyny\u0148 Merkezi Azi\u00fda \u00fdurtlary \u00fc\u00e7in m\u00f6h\u00fcm orny barada a\u00fdratyn bellenildi.<br \/>\n\u00d6z gezeginde, BMG-ni\u0148 Adam hukuklary bo\u00fdun\u00e7a \u00fdokary komissary esas d\u00fcz\u00fcji adam hukuklary babatynda hyzmatda\u015flygy\u0148 \u00e7\u00e4klerinde Merkezi Azi\u00fda sebitini\u0148 wajyplygy barada nygtady. BMG-ni\u0148 Adam hukuklary bo\u00fdun\u00e7a \u00fdokary komissaryny\u0148 edarasyny\u0148 \u00e4hli adamlar \u00fc\u00e7in hukuklary\u0148 goragyny \u00fcpj\u00fcn etm\u00e4ge, bu hukuklaryny\u0148 amala a\u015fyrylmagy \u00fc\u00e7in ygty\u00fdarlyklaryny we m\u00fcmkin\u00e7iliklerini gi\u0148eltm\u00e4ge, olary\u0148 durmu\u015fa ge\u00e7irilmegi ugrunda degi\u015fli i\u015fleri alyp bar\u00fdan jogapk\u00e4rlere \u00fdardam berm\u00e4ge, \u015fe\u00fdle hem BMG-ni\u0148 adam hukuklary ugrundaky maksatnamalaryny\u0148 netijeli pe\u00fddalanylmagy \u00fc\u00e7in ra\u00fdat jemgy\u00fdet\u00e7iligini\u0148 m\u00fcmkin\u00e7iliklerini gi\u0148eltm\u00e4ge we berkitm\u00e4ge ymtyl\u00fdandygy barada bellenildi.<br \/>\nDu\u015fu\u015fygy\u0148 ahyrynda taraplar T\u00fcrkmenistan bilen BMG-ni\u0148 Adam hukuklary bo\u00fdun\u00e7a \u00fdokary komissaryny\u0148 edarasyny\u0148 arasyndaky ikitarapla\u00fdyn hyzmatda\u015flygyny i\u015fje\u0148le\u015fdirmegi ylala\u015fdylar.<\/p>\n","protected":false},"excerpt":{"rendered":"<p>6-njy fewralda \u017denewa \u015f\u00e4herinde \u00fderle\u015f\u00fd\u00e4n Wilson k\u00f6\u015fg\u00fcnde T\u00fcrkmenistany\u0148 BMG-ni\u0148 \u017denewadaky edarasyny\u0148 \u00fdanyndaky Hemi\u015felik wekili W.Haji\u00fdewi\u0148 hem-de Birle\u015fen Milletler Guramasyny\u0148 Adam hukuklary bo\u00fdun\u00e7a \u00fdokary komissary Folker T\u00fcrki\u0148 arasynda du\u015fu\u015fyk ge\u00e7irildi. Du\u015fu\u015fygy\u0148 dowamynda t\u00fcrkmen tarapy BMG-ni\u0148 \u00fdurdumyz \u00fc\u00e7in ileri tutul\u00fdan hyzmatda\u015flaryny\u0148 biri bolup dur\u00fdandygy, \u015fe\u00fdle hem T\u00fcrkmenistany\u0148 bu guramany\u0148 \u00f6zenini emele getir\u00fd\u00e4n gymmatlyklara we \u00fd\u00f6relgelerine ygrarly bolup [&hellip;]<\/p>\n","protected":false},"author":2,"featured_media":99191,"comment_status":"open","ping_status":"closed","sticky":false,"template":"","format":"standard","meta":{"footnotes":""},"categories":[3],"tags":[],"acf":[],"_links":{"self":[{"href":"https:\/\/zamanturkmenistan.com.tm\/index.php?rest_route=\/wp\/v2\/posts\/99182"}],"collection":[{"href":"https:\/\/zamanturkmenistan.com.tm\/index.php?rest_route=\/wp\/v2\/posts"}],"about":[{"href":"https:\/\/zamanturkmenistan.com.tm\/index.php?rest_route=\/wp\/v2\/types\/post"}],"author":[{"embeddable":true,"href":"https:\/\/zamanturkmenistan.com.tm\/index.php?rest_route=\/wp\/v2\/users\/2"}],"replies":[{"embeddable":true,"href":"https:\/\/zamanturkmenistan.com.tm\/index.php?rest_route=%2Fwp%2Fv2%2Fcomments&post=99182"}],"version-history":[{"count":1,"href":"https:\/\/zamanturkmenistan.com.tm\/index.php?rest_route=\/wp\/v2\/posts\/99182\/revisions"}],"predecessor-version":[{"id":99192,"href":"https:\/\/zamanturkmenistan.com.tm\/index.php?rest_route=\/wp\/v2\/posts\/99182\/revisions\/99192"}],"wp:featuredmedia":[{"embeddable":true,"href":"https:\/\/zamanturkmenistan.com.tm\/index.php?rest_route=\/wp\/v2\/media\/99191"}],"wp:attachment":[{"href":"https:\/\/zamanturkmenistan.com.tm\/index.php?rest_route=%2Fwp%2Fv2%2Fmedia&parent=99182"}],"wp:term":[{"taxonomy":"category","embeddable":true,"href":"https:\/\/zamanturkmenistan.com.tm\/index.php?rest_route=%2Fwp%2Fv2%2Fcategories&post=99182"},{"taxonomy":"post_tag","embeddable":true,"href":"https:\/\/zamanturkmenistan.com.tm\/index.php?rest_route=%2Fwp%2Fv2%2Ftags&post=99182"}],"curies":[{"name":"wp","href":"https:\/\/api.w.org\/{rel}","templated":true}]}}