{"id":99406,"date":"2024-02-10T11:04:42","date_gmt":"2024-02-10T06:04:42","guid":{"rendered":"https:\/\/zamanturkmenistan.com.tm\/?p=99406"},"modified":"2024-02-10T11:04:42","modified_gmt":"2024-02-10T06:04:42","slug":"imperatoryn-heykeli-goyuldy","status":"publish","type":"post","link":"https:\/\/zamanturkmenistan.com.tm\/?p=99406","title":{"rendered":"Imperatory\u0148 he\u00fdkeli go\u00fduldy"},"content":{"rendered":"<p>Ga\u00addy\u00admy Rim im\u00adpe\u00adra\u00adto\u00adry Kons\u00adtan\u00adti\u00adni\u0148 (272-337) \u00e4pet he\u00fd\u00adke\u00adli\u00adni\u0148 ta\u00adkyk nus\u00adga\u00adsy Ri\u00admi\u0148 Ka\u00adpi\u00adto\u00adlin mu\u00adze\u00ad\u00fdi\u00adni\u0148 how\u00adlu\u00adsyn\u00adda bi\u00adna edil\u00addi. 13 metr be\u00ad\u00fdik\u00adlik\u00add\u00e4\u00adki \u00e4pet he\u00fd\u00adkel onu\u0148 IV asy\u00adry\u0148 asyl nus\u00adga\u00adsy\u00adny jik\u00adme-jik \u00f6w\u00adren\u00admek esa\u00adsyn\u00adda \u00fda\u00adsal\u00addy. Ol Rim im\u00adpe\u00adri\u00ad\u00fda\u00adsy\u00adny\u0148 \u015fol d\u00f6\u00adw\u00fcr\u00add\u00e4\u00adki t\u00e4\u00adze, hris\u00adti\u00adan pa\u00fd\u00adtag\u00adty &#8211; Kons\u00adtan\u00adti\u00adno\u00adpo\u00adly (h\u00e4\u00adzir\u00adki Stam\u00adbul) esas\u00adlan\u00addy\u00adry\u00adjy\u00addyr.<\/p>\n","protected":false},"excerpt":{"rendered":"<p>Ga\u00addy\u00admy Rim im\u00adpe\u00adra\u00adto\u00adry Kons\u00adtan\u00adti\u00adni\u0148 (272-337) \u00e4pet he\u00fd\u00adke\u00adli\u00adni\u0148 ta\u00adkyk nus\u00adga\u00adsy Ri\u00admi\u0148 Ka\u00adpi\u00adto\u00adlin mu\u00adze\u00ad\u00fdi\u00adni\u0148 how\u00adlu\u00adsyn\u00adda bi\u00adna edil\u00addi. 13 metr be\u00ad\u00fdik\u00adlik\u00add\u00e4\u00adki \u00e4pet he\u00fd\u00adkel onu\u0148 IV asy\u00adry\u0148 asyl nus\u00adga\u00adsy\u00adny jik\u00adme-jik \u00f6w\u00adren\u00admek esa\u00adsyn\u00adda \u00fda\u00adsal\u00addy. Ol Rim im\u00adpe\u00adri\u00ad\u00fda\u00adsy\u00adny\u0148 \u015fol d\u00f6\u00adw\u00fcr\u00add\u00e4\u00adki t\u00e4\u00adze, hris\u00adti\u00adan pa\u00fd\u00adtag\u00adty &#8211; Kons\u00adtan\u00adti\u00adno\u00adpo\u00adly (h\u00e4\u00adzir\u00adki Stam\u00adbul) esas\u00adlan\u00addy\u00adry\u00adjy\u00addyr.<\/p>\n","protected":false},"author":2,"featured_media":99407,"comment_status":"open","ping_status":"closed","sticky":false,"template":"","format":"standard","meta":{"footnotes":""},"categories":[5],"tags":[],"acf":[],"_links":{"self":[{"href":"https:\/\/zamanturkmenistan.com.tm\/index.php?rest_route=\/wp\/v2\/posts\/99406"}],"collection":[{"href":"https:\/\/zamanturkmenistan.com.tm\/index.php?rest_route=\/wp\/v2\/posts"}],"about":[{"href":"https:\/\/zamanturkmenistan.com.tm\/index.php?rest_route=\/wp\/v2\/types\/post"}],"author":[{"embeddable":true,"href":"https:\/\/zamanturkmenistan.com.tm\/index.php?rest_route=\/wp\/v2\/users\/2"}],"replies":[{"embeddable":true,"href":"https:\/\/zamanturkmenistan.com.tm\/index.php?rest_route=%2Fwp%2Fv2%2Fcomments&post=99406"}],"version-history":[{"count":1,"href":"https:\/\/zamanturkmenistan.com.tm\/index.php?rest_route=\/wp\/v2\/posts\/99406\/revisions"}],"predecessor-version":[{"id":99408,"href":"https:\/\/zamanturkmenistan.com.tm\/index.php?rest_route=\/wp\/v2\/posts\/99406\/revisions\/99408"}],"wp:featuredmedia":[{"embeddable":true,"href":"https:\/\/zamanturkmenistan.com.tm\/index.php?rest_route=\/wp\/v2\/media\/99407"}],"wp:attachment":[{"href":"https:\/\/zamanturkmenistan.com.tm\/index.php?rest_route=%2Fwp%2Fv2%2Fmedia&parent=99406"}],"wp:term":[{"taxonomy":"category","embeddable":true,"href":"https:\/\/zamanturkmenistan.com.tm\/index.php?rest_route=%2Fwp%2Fv2%2Fcategories&post=99406"},{"taxonomy":"post_tag","embeddable":true,"href":"https:\/\/zamanturkmenistan.com.tm\/index.php?rest_route=%2Fwp%2Fv2%2Ftags&post=99406"}],"curies":[{"name":"wp","href":"https:\/\/api.w.org\/{rel}","templated":true}]}}