{"id":99524,"date":"2024-02-12T13:12:59","date_gmt":"2024-02-12T08:12:59","guid":{"rendered":"https:\/\/zamanturkmenistan.com.tm\/?p=99524"},"modified":"2024-02-12T14:51:00","modified_gmt":"2024-02-12T09:51:00","slug":"wengriyada-prezident-saylawlary-geciriler","status":"publish","type":"post","link":"https:\/\/zamanturkmenistan.com.tm\/?p=99524","title":{"rendered":"Wengri\u00fdada Prezident sa\u00fdlawlary ge\u00e7iriler"},"content":{"rendered":"<p>10-njy few\u00adral\u00adda Weng\u00adri\u00ad\u00fda\u00adny\u0148 Pre\u00adzi\u00adden\u00adti Ka\u00adta\u00adlin No\u00adwak i\u015fin\u00adden \u00e7e\u00adkil\u00ad\u00fd\u00e4n\u00addi\u00adgi\u00adni m\u00e4\u00adlim et\u00addi. In\u00addi mart a\u00fdyn\u00adda we\u00adzi\u00adpe\u00adsin\u00adden gid\u00ad\u00fd\u00e4n Ka\u00adta\u00adlin No\u00adwa\u00adgy\u0148 or\u00adnu\u00adna \u00fdur\u00addu\u0148 t\u00e4\u00adze Pre\u00adzi\u00adden\u00adti sa\u00fd\u00adla\u00adnar. Bu ba\u00adra\u00adda do\u00adlan\u00addy\u00adry\u00adjy \u201cFI\u00adDES &#8211; Weng\u00adri\u00ad\u00fda\u00adny\u0148 ra\u00ad\u00fdat bi\u00adle\u00adle\u00ad\u015fi\u00adgi\u201d par\u00adti\u00ad\u00fda\u00adsy\u00adny\u0148 par\u00adla\u00adment frak\u00adsi\u00ad\u00fda\u00adsy\u00adny\u0148 li\u00adde\u00adri Ma\u00adte Ko\u00ad\u00e7is ha\u00adbar ber\u00addi.<br \/>\n\u2013 Par\u00adla\u00admen\u00adti\u0148 de\u00adpu\u00adtat\u00adla\u00adry 15 g\u00fc\u00adn\u00fc\u0148 i\u00e7in\u00adde bu me\u00adse\u00adl\u00e4\u00adni ara alyp mas\u00adla\u00adhat\u00adla\u00ad\u015far\u00adlar. Olar 26-njy few\u00adral\u00adda ba\u015f\u00adla\u00ad\u00fdan \u00fdaz\u00adky mej\u00adli\u00adsi\u0148 il\u00adkin\u00adji g\u00fc\u00adn\u00fcn\u00adde bu me\u00adse\u00adle bo\u00ad\u00fdun\u00ad\u00e7a ka\u00adrar ka\u00adbul eder\u00adler \u2013 di\u00ad\u00fdip frak\u00adsi\u00ad\u00fda\u00adny\u0148 ba\u015f\u00adly\u00adgy bel\u00adle\u00addi.<br \/>\n\u00ddurt\u00adda he\u00adre\u00adket ed\u00ad\u00fd\u00e4n ka\u00adnun\u00adla\u00adra g\u00f6\u00adr\u00e4, No\u00adwa\u00adgy\u0148 i\u015fin\u00adden \u00e7e\u00adkil\u00adme\u00adgi\u00adni \u00fdur\u00addu\u0148 par\u00adla\u00adment ag\u00adza\u00adla\u00adry ta\u00adra\u00adpyn\u00addan tas\u00adsyk\u00adlan\u00adma\u00adly. \u015eon\u00addan so\u0148 bir a\u00fdy\u0148 do\u00adwa\u00admyn\u00adda d\u00f6w\u00adlet Ba\u015f\u00adtu\u00adta\u00adny\u00adny sa\u00fd\u00adla\u00adnar.<br \/>\n\u2013 Ne\u00adti\u00adje\u00adde, mart a\u00fdyn\u00adda Weng\u00adri\u00ad\u00fda\u00adny\u0148 t\u00e4\u00adze Pre\u00adzi\u00adden\u00adti sa\u00fd\u00adla\u00adnar \u2013 di\u00ad\u00fdip Ko\u00ad\u00e7i\u015f a\u00fdt\u00addy.<br \/>\nH\u00e4\u00adzir\u00adki wagt\u00adda \u201cFI\u00adDES &#8211; Weng\u00adri\u00ad\u00fda\u00adny\u0148 ra\u00ad\u00fdat bi\u00adle\u00adle\u00ad\u015fi\u00adgi\u201d par\u00adti\u00ad\u00fda\u00adsy we onu\u0148 ki\u00ad\u00e7i \u00fda\u00adran\u00adla\u00adry Hris\u00adti\u00adan-de\u00admok\u00adrat\u00adlar par\u00adla\u00adment\u00add\u00e4\u00adki 199 or\u00adnu\u0148 135-si\u00adni e\u00fde\u00adle\u00ad\u00fd\u00e4r. In\u00addi Prem\u00ad\u00fder-mi\u00adnistr Wik\u00adtor Or\u00adba\u00adny\u0148 \u00fdol\u00adba\u015f\u00ad\u00e7y\u00adly\u00adgyn\u00adda\u00adky do\u00adlan\u00addy\u00adry\u00adjy par\u00adti\u00ad\u00fda pre\u00adzi\u00addent\u00adli\u00adge da\u00adla\u015f\u00adg\u00e4r h\u00f6\u00add\u00fcr\u00adle\u00adme\u00adli. Bu we\u00adzi\u00adpe da\u00adla\u015f\u00adg\u00e4r bol\u00admak \u00fc\u00e7in par\u00adla\u00adment ag\u00adza\u00adla\u00adry\u00adny\u0148, azyn\u00addan, 20%-ini\u0148 gol\u00adda\u00adwy\u00adny\u00adna e\u00fde bo\u00adlam\u00adly we bi\u00adrin\u00adji tap\u00adgyr\u00adda \u00fde\u00ad\u0148i\u015f ga\u00adzan\u00admak \u00fc\u00e7in ses\u00adle\u00adri\u0148 \u00fc\u00e7\u00adden iki b\u00f6\u00adle\u00adgi\u00adni al\u00admak ze\u00adrur ha\u00adsap edil\u00ad\u00fd\u00e4r.<br \/>\nNo\u00adwak Weng\u00adri\u00ad\u00fda\u00adny\u0148 ta\u00adry\u00adhyn\u00adda Pre\u00adzi\u00adden\u00adti we\u00adzi\u00adpe\u00adsi\u00adni e\u00fde\u00adl\u00e4n il\u00adkin\u00adji ze\u00adnan bo\u00adlup, 2022-nji \u00fdy\u00adly\u0148 mart a\u00fdyn\u00adda d\u00f6w\u00adlet Ba\u015f\u00adtu\u00adta\u00adny we\u00adzi\u00adpe\u00adsi\u00adne sa\u00fd\u00adla\u00adnyp\u00addy.<\/p>\n","protected":false},"excerpt":{"rendered":"<p>10-njy few\u00adral\u00adda Weng\u00adri\u00ad\u00fda\u00adny\u0148 Pre\u00adzi\u00adden\u00adti Ka\u00adta\u00adlin No\u00adwak i\u015fin\u00adden \u00e7e\u00adkil\u00ad\u00fd\u00e4n\u00addi\u00adgi\u00adni m\u00e4\u00adlim et\u00addi. In\u00addi mart a\u00fdyn\u00adda we\u00adzi\u00adpe\u00adsin\u00adden gid\u00ad\u00fd\u00e4n Ka\u00adta\u00adlin No\u00adwa\u00adgy\u0148 or\u00adnu\u00adna \u00fdur\u00addu\u0148 t\u00e4\u00adze Pre\u00adzi\u00adden\u00adti sa\u00fd\u00adla\u00adnar. Bu ba\u00adra\u00adda do\u00adlan\u00addy\u00adry\u00adjy \u201cFI\u00adDES &#8211; Weng\u00adri\u00ad\u00fda\u00adny\u0148 ra\u00ad\u00fdat bi\u00adle\u00adle\u00ad\u015fi\u00adgi\u201d par\u00adti\u00ad\u00fda\u00adsy\u00adny\u0148 par\u00adla\u00adment frak\u00adsi\u00ad\u00fda\u00adsy\u00adny\u0148 li\u00adde\u00adri Ma\u00adte Ko\u00ad\u00e7is ha\u00adbar ber\u00addi. \u2013 Par\u00adla\u00admen\u00adti\u0148 de\u00adpu\u00adtat\u00adla\u00adry 15 g\u00fc\u00adn\u00fc\u0148 i\u00e7in\u00adde bu me\u00adse\u00adl\u00e4\u00adni ara alyp mas\u00adla\u00adhat\u00adla\u00ad\u015far\u00adlar. Olar 26-njy few\u00adral\u00adda ba\u015f\u00adla\u00ad\u00fdan \u00fdaz\u00adky mej\u00adli\u00adsi\u0148 [&hellip;]<\/p>\n","protected":false},"author":2,"featured_media":99527,"comment_status":"open","ping_status":"closed","sticky":false,"template":"","format":"standard","meta":{"footnotes":""},"categories":[5],"tags":[],"acf":[],"_links":{"self":[{"href":"https:\/\/zamanturkmenistan.com.tm\/index.php?rest_route=\/wp\/v2\/posts\/99524"}],"collection":[{"href":"https:\/\/zamanturkmenistan.com.tm\/index.php?rest_route=\/wp\/v2\/posts"}],"about":[{"href":"https:\/\/zamanturkmenistan.com.tm\/index.php?rest_route=\/wp\/v2\/types\/post"}],"author":[{"embeddable":true,"href":"https:\/\/zamanturkmenistan.com.tm\/index.php?rest_route=\/wp\/v2\/users\/2"}],"replies":[{"embeddable":true,"href":"https:\/\/zamanturkmenistan.com.tm\/index.php?rest_route=%2Fwp%2Fv2%2Fcomments&post=99524"}],"version-history":[{"count":2,"href":"https:\/\/zamanturkmenistan.com.tm\/index.php?rest_route=\/wp\/v2\/posts\/99524\/revisions"}],"predecessor-version":[{"id":99531,"href":"https:\/\/zamanturkmenistan.com.tm\/index.php?rest_route=\/wp\/v2\/posts\/99524\/revisions\/99531"}],"wp:featuredmedia":[{"embeddable":true,"href":"https:\/\/zamanturkmenistan.com.tm\/index.php?rest_route=\/wp\/v2\/media\/99527"}],"wp:attachment":[{"href":"https:\/\/zamanturkmenistan.com.tm\/index.php?rest_route=%2Fwp%2Fv2%2Fmedia&parent=99524"}],"wp:term":[{"taxonomy":"category","embeddable":true,"href":"https:\/\/zamanturkmenistan.com.tm\/index.php?rest_route=%2Fwp%2Fv2%2Fcategories&post=99524"},{"taxonomy":"post_tag","embeddable":true,"href":"https:\/\/zamanturkmenistan.com.tm\/index.php?rest_route=%2Fwp%2Fv2%2Ftags&post=99524"}],"curies":[{"name":"wp","href":"https:\/\/api.w.org\/{rel}","templated":true}]}}