{"id":99796,"date":"2025-02-15T09:38:12","date_gmt":"2025-02-15T04:38:12","guid":{"rendered":"https:\/\/zamanturkmenistan.com.tm\/?p=99796"},"modified":"2025-02-15T09:43:52","modified_gmt":"2025-02-15T04:43:52","slug":"kanadanyn-milli-baydak-guni","status":"publish","type":"post","link":"https:\/\/zamanturkmenistan.com.tm\/?p=99796","title":{"rendered":"Kanadany\u0148 milli ba\u00fddak g\u00fcni"},"content":{"rendered":"<p>1996-njy \u00fdyly\u0148 15-nji fewralyndan b\u00e4ri Kanadada milli ba\u00fddak g\u00fcni (National Flag of Canada Day) bellenil\u00fd\u00e4r. Kanadany\u0148 kl\u00fdon \u00fdapragyny\u0148 \u015fekili \u00fderle\u015fdirilen ak-gyzyl re\u0148kli ba\u00fddagy ilkinji gezek 1965-nji \u00fdylda pe\u00fdda bol\u00fdar. Ilatyny\u0148 aglaba b\u00f6legi ba\u015fga \u00fderlerden g\u00f6\u00e7\u00fcp gelenlerden d\u00fcz\u00fclendigi seb\u00e4pli taryhy d\u00f6w\u00fcrlerde \u00fdurdu\u0148 ba\u00fddagy d\u00fcrl\u00fc\u00e7e bolupdyr. XV asyry\u0148 ahyryndan 1520-nji \u00fdyla \u00e7enli ha\u00e7 \u015fekilli i\u0148lis ba\u00fddagy, \u015fondan so\u0148ky \u00fdyllarda Fransi\u00fda korollygyna degi\u015fli bolan \u00fdyllarynda lili\u00fda \u015fekilli ba\u00fddak bolupdyr.<\/p>\n","protected":false},"excerpt":{"rendered":"<p>1996-njy \u00fdyly\u0148 15-nji fewralyndan b\u00e4ri Kanadada milli ba\u00fddak g\u00fcni (National Flag of Canada Day) bellenil\u00fd\u00e4r. Kanadany\u0148 kl\u00fdon \u00fdapragyny\u0148 \u015fekili \u00fderle\u015fdirilen ak-gyzyl re\u0148kli ba\u00fddagy ilkinji gezek 1965-nji \u00fdylda pe\u00fdda bol\u00fdar. Ilatyny\u0148 aglaba b\u00f6legi ba\u015fga \u00fderlerden g\u00f6\u00e7\u00fcp gelenlerden d\u00fcz\u00fclendigi seb\u00e4pli taryhy d\u00f6w\u00fcrlerde \u00fdurdu\u0148 ba\u00fddagy d\u00fcrl\u00fc\u00e7e bolupdyr. XV asyry\u0148 ahyryndan 1520-nji \u00fdyla \u00e7enli ha\u00e7 \u015fekilli i\u0148lis ba\u00fddagy, \u015fondan [&hellip;]<\/p>\n","protected":false},"author":2,"featured_media":99797,"comment_status":"open","ping_status":"closed","sticky":false,"template":"","format":"standard","meta":{"footnotes":""},"categories":[402],"tags":[],"acf":[],"_links":{"self":[{"href":"https:\/\/zamanturkmenistan.com.tm\/index.php?rest_route=\/wp\/v2\/posts\/99796"}],"collection":[{"href":"https:\/\/zamanturkmenistan.com.tm\/index.php?rest_route=\/wp\/v2\/posts"}],"about":[{"href":"https:\/\/zamanturkmenistan.com.tm\/index.php?rest_route=\/wp\/v2\/types\/post"}],"author":[{"embeddable":true,"href":"https:\/\/zamanturkmenistan.com.tm\/index.php?rest_route=\/wp\/v2\/users\/2"}],"replies":[{"embeddable":true,"href":"https:\/\/zamanturkmenistan.com.tm\/index.php?rest_route=%2Fwp%2Fv2%2Fcomments&post=99796"}],"version-history":[{"count":1,"href":"https:\/\/zamanturkmenistan.com.tm\/index.php?rest_route=\/wp\/v2\/posts\/99796\/revisions"}],"predecessor-version":[{"id":99798,"href":"https:\/\/zamanturkmenistan.com.tm\/index.php?rest_route=\/wp\/v2\/posts\/99796\/revisions\/99798"}],"wp:featuredmedia":[{"embeddable":true,"href":"https:\/\/zamanturkmenistan.com.tm\/index.php?rest_route=\/wp\/v2\/media\/99797"}],"wp:attachment":[{"href":"https:\/\/zamanturkmenistan.com.tm\/index.php?rest_route=%2Fwp%2Fv2%2Fmedia&parent=99796"}],"wp:term":[{"taxonomy":"category","embeddable":true,"href":"https:\/\/zamanturkmenistan.com.tm\/index.php?rest_route=%2Fwp%2Fv2%2Fcategories&post=99796"},{"taxonomy":"post_tag","embeddable":true,"href":"https:\/\/zamanturkmenistan.com.tm\/index.php?rest_route=%2Fwp%2Fv2%2Ftags&post=99796"}],"curies":[{"name":"wp","href":"https:\/\/api.w.org\/{rel}","templated":true}]}}