{"id":99847,"date":"2024-02-16T11:17:45","date_gmt":"2024-02-16T06:17:45","guid":{"rendered":"https:\/\/zamanturkmenistan.com.tm\/?p=99847"},"modified":"2024-02-16T11:17:45","modified_gmt":"2024-02-16T06:17:45","slug":"bmg-bahar-bayramy-mynasybetli-pocta-markasyny-cykardy","status":"publish","type":"post","link":"https:\/\/zamanturkmenistan.com.tm\/?p=99847","title":{"rendered":"BMG Bahar ba\u00fdramy mynasybetli po\u00e7ta markasyny \u00e7ykardy"},"content":{"rendered":"<p>BMG-ni\u0148 Po\u00e7\u00adta m\u00fc\u00addi\u00adri\u00ad\u00fde\u00adti g\u00fcn\u00addo\u00adgar se\u00adne\u00adna\u00adma\u00adsyn\u00adda\u00adky A\u017e\u00addar\u00adha \u00fdy\u00adly my\u00adna\u00adsy\u00adbet\u00adli po\u00e7\u00adta mar\u00adka\u00adsy\u00adny h\u00f6\u00add\u00fcr\u00adle\u00addi. A\u00fd se\u00adne\u00adna\u00adma\u00adsy\u00adna g\u00f6\u00adr\u00e4 bel\u00adle\u00adnil\u00ad\u00fd\u00e4n bu ba\u00fd\u00adram\u00ad\u00e7y\u00adlyk my\u00adna\u00adsy\u00adbet\u00adli Hy\u00adta\u00fd\u00adda, Gon\u00adkong\u00adda, Ma\u00adkao\u00adda, \u00dda\u00adpo\u00adni\u00ad\u00fda\u00adda, Ta\u00fd\u00adwan\u00adda, T\u00e4\u00adze Ze\u00adlan\u00addi\u00ad\u00fda\u00adda, Awst\u00adra\u00adli\u00ad\u00fda\u00adda we be\u00fd\u00adle\u00adki \u00fder\u00adler\u00adde d\u00fcr\u00adli \u00e7\u00e4\u00adre\u00adler ge\u00ad\u00e7i\u00adril\u00addi. Po\u00e7\u00adta mar\u00adka\u00adsy\u00adny\u0148 di\u00adza\u00fd\u00adny\u00adny hy\u00adta\u00fd\u00adly su\u00adrat\u00adke\u015f Tan Pan ta\u00fd\u00ad\u00fdar\u00adlap\u00addyr. BMG her \u00fdyl\u00adda Ba\u00adhar ba\u00fd\u00adra\u00admy hem di\u00ad\u00fdil\u00ad\u00fd\u00e4n bu se\u00adn\u00e4 ba\u00adgy\u015f\u00adlap \u015fe\u00fd\u00adle mar\u00adka\u00adny \u00e7y\u00adkar\u00ad\u00fdar. Ge\u00ad\u00e7en \u00fdy\u00adly\u0148 ahy\u00adryn\u00adda Bir\u00adle\u00ad\u015fen Mil\u00adlet\u00adler Gu\u00adra\u00adma\u00adsy\u00adny\u0148 Ba\u015f As\u00adsamb\u00adle\u00ad\u00fda\u00adsy\u00adny\u0148 78-nji mej\u00adli\u00adsi\u00adni\u0148 ka\u00adra\u00adry bi\u00adlen bu ba\u00fd\u00adram\u00ad\u00e7y\u00adlyk BMG-ni\u0148 ba\u00fd\u00adram\u00ad\u00e7y\u00adlyk\u00adla\u00adry\u00adny\u0148 sa\u00adna\u00adwy\u00adna gi\u00adri\u00adzil\u00addi.<\/p>\n","protected":false},"excerpt":{"rendered":"<p>BMG-ni\u0148 Po\u00e7\u00adta m\u00fc\u00addi\u00adri\u00ad\u00fde\u00adti g\u00fcn\u00addo\u00adgar se\u00adne\u00adna\u00adma\u00adsyn\u00adda\u00adky A\u017e\u00addar\u00adha \u00fdy\u00adly my\u00adna\u00adsy\u00adbet\u00adli po\u00e7\u00adta mar\u00adka\u00adsy\u00adny h\u00f6\u00add\u00fcr\u00adle\u00addi. A\u00fd se\u00adne\u00adna\u00adma\u00adsy\u00adna g\u00f6\u00adr\u00e4 bel\u00adle\u00adnil\u00ad\u00fd\u00e4n bu ba\u00fd\u00adram\u00ad\u00e7y\u00adlyk my\u00adna\u00adsy\u00adbet\u00adli Hy\u00adta\u00fd\u00adda, Gon\u00adkong\u00adda, Ma\u00adkao\u00adda, \u00dda\u00adpo\u00adni\u00ad\u00fda\u00adda, Ta\u00fd\u00adwan\u00adda, T\u00e4\u00adze Ze\u00adlan\u00addi\u00ad\u00fda\u00adda, Awst\u00adra\u00adli\u00ad\u00fda\u00adda we be\u00fd\u00adle\u00adki \u00fder\u00adler\u00adde d\u00fcr\u00adli \u00e7\u00e4\u00adre\u00adler ge\u00ad\u00e7i\u00adril\u00addi. Po\u00e7\u00adta mar\u00adka\u00adsy\u00adny\u0148 di\u00adza\u00fd\u00adny\u00adny hy\u00adta\u00fd\u00adly su\u00adrat\u00adke\u015f Tan Pan ta\u00fd\u00ad\u00fdar\u00adlap\u00addyr. BMG her \u00fdyl\u00adda Ba\u00adhar ba\u00fd\u00adra\u00admy hem di\u00ad\u00fdil\u00ad\u00fd\u00e4n bu se\u00adn\u00e4 ba\u00adgy\u015f\u00adlap \u015fe\u00fd\u00adle mar\u00adka\u00adny \u00e7y\u00adkar\u00ad\u00fdar. Ge\u00ad\u00e7en \u00fdy\u00adly\u0148 [&hellip;]<\/p>\n","protected":false},"author":2,"featured_media":99848,"comment_status":"open","ping_status":"closed","sticky":false,"template":"","format":"standard","meta":{"footnotes":""},"categories":[5],"tags":[],"acf":[],"_links":{"self":[{"href":"https:\/\/zamanturkmenistan.com.tm\/index.php?rest_route=\/wp\/v2\/posts\/99847"}],"collection":[{"href":"https:\/\/zamanturkmenistan.com.tm\/index.php?rest_route=\/wp\/v2\/posts"}],"about":[{"href":"https:\/\/zamanturkmenistan.com.tm\/index.php?rest_route=\/wp\/v2\/types\/post"}],"author":[{"embeddable":true,"href":"https:\/\/zamanturkmenistan.com.tm\/index.php?rest_route=\/wp\/v2\/users\/2"}],"replies":[{"embeddable":true,"href":"https:\/\/zamanturkmenistan.com.tm\/index.php?rest_route=%2Fwp%2Fv2%2Fcomments&post=99847"}],"version-history":[{"count":1,"href":"https:\/\/zamanturkmenistan.com.tm\/index.php?rest_route=\/wp\/v2\/posts\/99847\/revisions"}],"predecessor-version":[{"id":99849,"href":"https:\/\/zamanturkmenistan.com.tm\/index.php?rest_route=\/wp\/v2\/posts\/99847\/revisions\/99849"}],"wp:featuredmedia":[{"embeddable":true,"href":"https:\/\/zamanturkmenistan.com.tm\/index.php?rest_route=\/wp\/v2\/media\/99848"}],"wp:attachment":[{"href":"https:\/\/zamanturkmenistan.com.tm\/index.php?rest_route=%2Fwp%2Fv2%2Fmedia&parent=99847"}],"wp:term":[{"taxonomy":"category","embeddable":true,"href":"https:\/\/zamanturkmenistan.com.tm\/index.php?rest_route=%2Fwp%2Fv2%2Fcategories&post=99847"},{"taxonomy":"post_tag","embeddable":true,"href":"https:\/\/zamanturkmenistan.com.tm\/index.php?rest_route=%2Fwp%2Fv2%2Ftags&post=99847"}],"curies":[{"name":"wp","href":"https:\/\/api.w.org\/{rel}","templated":true}]}}