{"id":99876,"date":"2024-02-16T11:34:38","date_gmt":"2024-02-16T06:34:38","guid":{"rendered":"https:\/\/zamanturkmenistan.com.tm\/?p=99876"},"modified":"2024-02-16T11:34:38","modified_gmt":"2024-02-16T06:34:38","slug":"iri-ondurijiler-bilelikde-zawod-gurar","status":"publish","type":"post","link":"https:\/\/zamanturkmenistan.com.tm\/?p=99876","title":{"rendered":"Iri \u00f6n\u00add\u00fc\u00adri\u00adji\u00adler bi\u00adle\u00adlik\u00adde za\u00adwod gu\u00adrar"},"content":{"rendered":"<p>D\u00fcn\u00ad\u00fd\u00e4\u00adni\u0148 i\u0148 iri aw\u00adtou\u00adlag \u00f6n\u00add\u00fc\u00adri\u00adji\u00adle\u00adri bo\u00adlan \u00abStel\u00adlan\u00adtis\u00bb hem-de \u00abMercedes-Benz\u00bb \u00ddew\u00adro\u00adpa\u00adda \u00fc\u00e7 sa\u00adny t\u00e4\u00adze elekt\u00adrou\u00adlag za\u00adwo\u00addy\u00adny gu\u00adrar\u00adlar. Tas\u00adla\u00adma\u00adny dur\u00admu\u00ad\u015fa ge\u00ad\u00e7ir\u00admek \u00fc\u00e7in 4,4 mil\u00adliard \u00fdew\u00adro b\u00f6\u00adl\u00fc\u00adnip ber\u00adlip\u00addir. Kom\u00adpa\u00adni\u00ad\u00fda\u00adlar bu ba\u00adra\u00adda be\u00adren mag\u00adlu\u00adma\u00adtyn\u00adda \u00f6n\u00fcm\u00ad\u00e7i\u00adlik des\u00adga\u00adla\u00adry\u00adny\u0148 do\u00adly i\u015fe gi\u00adri\u00adzil\u00adme\u00adgi \u00fc\u00e7in je\u00admi 7 mil\u00adliard \u00fdew\u00adro m\u00f6\u00e7\u00adbe\u00adrin\u00adde pul se\u00adri\u015f\u00adde\u00adsi\u00adni\u0148 ge\u00adrek\u00addi\u00adgi\u00adni bel\u00adle\u00addi\u00adler. Za\u00adwod\u00adla\u00adry\u0148 iki\u00adsi Ger\u00adma\u00adni\u00ad\u00fda\u00adny\u0148 Ka\u00fd\u00adzers\u00adlau\u00adtern we Ita\u00adli\u00ad\u00fda\u00adny\u0148 Ter\u00admo\u00adli \u015f\u00e4\u00adher\u00adle\u00adrin\u00adde gur\u00adlar. Fran\u00adsi\u00ad\u00fda\u00adda gu\u00adrul\u00adjak za\u00adwo\u00addy\u0148 bol\u00adsa en\u00adtek \u00fde\u00adri\u00adni\u0148 anyk\u00adlan\u00adman\u00addy\u00adgy bel\u00adle\u00adnil\u00addi. Elekt\u00adrou\u00adlag za\u00adwod\u00adla\u00adryn\u00adda je\u00admi 6 m\u00fc\u0148 adam \u00fc\u00e7in i\u015f or\u00adnu\u00adny\u0148 d\u00f6\u00adre\u00addil\u00adjek\u00addi\u00adgi m\u00e4\u00adlim edil\u00addi. Tas\u00adla\u00adma\u00adny \u00abBNP Pa\u00adri\u00adbas\u00bb, ING, \u00abDeutsche Bank\u00bb hem-de \u00abIn\u00adte\u00adsa San\u00adpao\u00adlo\u00bb ma\u00adli\u00ad\u00fde\u00adle\u015f\u00addir\u00ad\u00fd\u00e4r. Aras\u00adsa ener\u00adgi\u00ad\u00fda bi\u00adlen i\u015f\u00adle\u00adjek ulag\u00adla\u00adry\u0148 \u00f6n\u00add\u00fc\u00adril\u00adjek za\u00adwo\u00addy \u00fc\u00e7in Ger\u00adma\u00adni\u00ad\u00fda\u00adny\u0148 we Fran\u00adsi\u00ad\u00fda\u00adny\u0148 h\u00f6\u00adk\u00fc\u00admet\u00adle\u00adri 1,3 mil\u00adliard \u00fdew\u00adro be\u00adrer.<\/p>\n","protected":false},"excerpt":{"rendered":"<p>D\u00fcn\u00ad\u00fd\u00e4\u00adni\u0148 i\u0148 iri aw\u00adtou\u00adlag \u00f6n\u00add\u00fc\u00adri\u00adji\u00adle\u00adri bo\u00adlan \u00abStel\u00adlan\u00adtis\u00bb hem-de \u00abMercedes-Benz\u00bb \u00ddew\u00adro\u00adpa\u00adda \u00fc\u00e7 sa\u00adny t\u00e4\u00adze elekt\u00adrou\u00adlag za\u00adwo\u00addy\u00adny gu\u00adrar\u00adlar. Tas\u00adla\u00adma\u00adny dur\u00admu\u00ad\u015fa ge\u00ad\u00e7ir\u00admek \u00fc\u00e7in 4,4 mil\u00adliard \u00fdew\u00adro b\u00f6\u00adl\u00fc\u00adnip ber\u00adlip\u00addir. Kom\u00adpa\u00adni\u00ad\u00fda\u00adlar bu ba\u00adra\u00adda be\u00adren mag\u00adlu\u00adma\u00adtyn\u00adda \u00f6n\u00fcm\u00ad\u00e7i\u00adlik des\u00adga\u00adla\u00adry\u00adny\u0148 do\u00adly i\u015fe gi\u00adri\u00adzil\u00adme\u00adgi \u00fc\u00e7in je\u00admi 7 mil\u00adliard \u00fdew\u00adro m\u00f6\u00e7\u00adbe\u00adrin\u00adde pul se\u00adri\u015f\u00adde\u00adsi\u00adni\u0148 ge\u00adrek\u00addi\u00adgi\u00adni bel\u00adle\u00addi\u00adler. Za\u00adwod\u00adla\u00adry\u0148 iki\u00adsi Ger\u00adma\u00adni\u00ad\u00fda\u00adny\u0148 Ka\u00fd\u00adzers\u00adlau\u00adtern we Ita\u00adli\u00ad\u00fda\u00adny\u0148 Ter\u00admo\u00adli \u015f\u00e4\u00adher\u00adle\u00adrin\u00adde gur\u00adlar. Fran\u00adsi\u00ad\u00fda\u00adda [&hellip;]<\/p>\n","protected":false},"author":2,"featured_media":75439,"comment_status":"open","ping_status":"closed","sticky":false,"template":"","format":"standard","meta":{"footnotes":""},"categories":[8],"tags":[],"acf":[],"_links":{"self":[{"href":"https:\/\/zamanturkmenistan.com.tm\/index.php?rest_route=\/wp\/v2\/posts\/99876"}],"collection":[{"href":"https:\/\/zamanturkmenistan.com.tm\/index.php?rest_route=\/wp\/v2\/posts"}],"about":[{"href":"https:\/\/zamanturkmenistan.com.tm\/index.php?rest_route=\/wp\/v2\/types\/post"}],"author":[{"embeddable":true,"href":"https:\/\/zamanturkmenistan.com.tm\/index.php?rest_route=\/wp\/v2\/users\/2"}],"replies":[{"embeddable":true,"href":"https:\/\/zamanturkmenistan.com.tm\/index.php?rest_route=%2Fwp%2Fv2%2Fcomments&post=99876"}],"version-history":[{"count":1,"href":"https:\/\/zamanturkmenistan.com.tm\/index.php?rest_route=\/wp\/v2\/posts\/99876\/revisions"}],"predecessor-version":[{"id":99877,"href":"https:\/\/zamanturkmenistan.com.tm\/index.php?rest_route=\/wp\/v2\/posts\/99876\/revisions\/99877"}],"wp:featuredmedia":[{"embeddable":true,"href":"https:\/\/zamanturkmenistan.com.tm\/index.php?rest_route=\/wp\/v2\/media\/75439"}],"wp:attachment":[{"href":"https:\/\/zamanturkmenistan.com.tm\/index.php?rest_route=%2Fwp%2Fv2%2Fmedia&parent=99876"}],"wp:term":[{"taxonomy":"category","embeddable":true,"href":"https:\/\/zamanturkmenistan.com.tm\/index.php?rest_route=%2Fwp%2Fv2%2Fcategories&post=99876"},{"taxonomy":"post_tag","embeddable":true,"href":"https:\/\/zamanturkmenistan.com.tm\/index.php?rest_route=%2Fwp%2Fv2%2Ftags&post=99876"}],"curies":[{"name":"wp","href":"https:\/\/api.w.org\/{rel}","templated":true}]}}