{"id":99918,"date":"2024-02-16T12:48:51","date_gmt":"2024-02-16T07:48:51","guid":{"rendered":"https:\/\/zamanturkmenistan.com.tm\/?p=99918"},"modified":"2024-02-16T12:48:51","modified_gmt":"2024-02-16T07:48:51","slug":"imran-hanyn-partiyasy-yenis-gazandy","status":"publish","type":"post","link":"https:\/\/zamanturkmenistan.com.tm\/?p=99918","title":{"rendered":"Imran Hany\u0148 parti\u00fdasy \u00fde\u0148i\u015f gazandy"},"content":{"rendered":"<p>8-nji fewralda Pakistanda ge\u00e7irilen parlament sa\u00fdlawlaryny\u0148 netijeleri m\u00e4lim edildi. Bu sa\u00fdlawlarda \u00f6\u0148ki Prem\u00fder-ministr Imran Hany\u0148 parti\u00fdasy \u00fde\u0148i\u015f gazandy. Sa\u00fdlaw toparyny\u0148 maglumatlaryna g\u00f6r\u00e4, a\u015faky palatadaky 266 orundan 101 orny gara\u015fsyz dala\u015fg\u00e4rler alyp, olary\u0148 96-sy Imran Han tarapyndan esaslandyrylan \u201cAdalat \u00fc\u00e7in hereket\u201d parti\u00fdasyny golda\u00fdar.<\/p>\n","protected":false},"excerpt":{"rendered":"<p>8-nji fewralda Pakistanda ge\u00e7irilen parlament sa\u00fdlawlaryny\u0148 netijeleri m\u00e4lim edildi. Bu sa\u00fdlawlarda \u00f6\u0148ki Prem\u00fder-ministr Imran Hany\u0148 parti\u00fdasy \u00fde\u0148i\u015f gazandy. Sa\u00fdlaw toparyny\u0148 maglumatlaryna g\u00f6r\u00e4, a\u015faky palatadaky 266 orundan 101 orny gara\u015fsyz dala\u015fg\u00e4rler alyp, olary\u0148 96-sy Imran Han tarapyndan esaslandyrylan \u201cAdalat \u00fc\u00e7in hereket\u201d parti\u00fdasyny golda\u00fdar.<\/p>\n","protected":false},"author":2,"featured_media":99919,"comment_status":"open","ping_status":"closed","sticky":false,"template":"","format":"standard","meta":{"footnotes":""},"categories":[5],"tags":[],"acf":[],"_links":{"self":[{"href":"https:\/\/zamanturkmenistan.com.tm\/index.php?rest_route=\/wp\/v2\/posts\/99918"}],"collection":[{"href":"https:\/\/zamanturkmenistan.com.tm\/index.php?rest_route=\/wp\/v2\/posts"}],"about":[{"href":"https:\/\/zamanturkmenistan.com.tm\/index.php?rest_route=\/wp\/v2\/types\/post"}],"author":[{"embeddable":true,"href":"https:\/\/zamanturkmenistan.com.tm\/index.php?rest_route=\/wp\/v2\/users\/2"}],"replies":[{"embeddable":true,"href":"https:\/\/zamanturkmenistan.com.tm\/index.php?rest_route=%2Fwp%2Fv2%2Fcomments&post=99918"}],"version-history":[{"count":1,"href":"https:\/\/zamanturkmenistan.com.tm\/index.php?rest_route=\/wp\/v2\/posts\/99918\/revisions"}],"predecessor-version":[{"id":99920,"href":"https:\/\/zamanturkmenistan.com.tm\/index.php?rest_route=\/wp\/v2\/posts\/99918\/revisions\/99920"}],"wp:featuredmedia":[{"embeddable":true,"href":"https:\/\/zamanturkmenistan.com.tm\/index.php?rest_route=\/wp\/v2\/media\/99919"}],"wp:attachment":[{"href":"https:\/\/zamanturkmenistan.com.tm\/index.php?rest_route=%2Fwp%2Fv2%2Fmedia&parent=99918"}],"wp:term":[{"taxonomy":"category","embeddable":true,"href":"https:\/\/zamanturkmenistan.com.tm\/index.php?rest_route=%2Fwp%2Fv2%2Fcategories&post=99918"},{"taxonomy":"post_tag","embeddable":true,"href":"https:\/\/zamanturkmenistan.com.tm\/index.php?rest_route=%2Fwp%2Fv2%2Ftags&post=99918"}],"curies":[{"name":"wp","href":"https:\/\/api.w.org\/{rel}","templated":true}]}}