{"id":7971,"count":3,"description":"","link":"https:\/\/zamanturkmenistan.com.tm\/?tag=moy-adam-moy-alemine-gecis","name":"M\u00f6\u00fd adam: m\u00f6\u00fd \u00e4lemine ge\u00e7i\u015f","slug":"moy-adam-moy-alemine-gecis","taxonomy":"post_tag","meta":[],"_links":{"self":[{"href":"https:\/\/zamanturkmenistan.com.tm\/index.php?rest_route=\/wp\/v2\/tags\/7971"}],"collection":[{"href":"https:\/\/zamanturkmenistan.com.tm\/index.php?rest_route=\/wp\/v2\/tags"}],"about":[{"href":"https:\/\/zamanturkmenistan.com.tm\/index.php?rest_route=\/wp\/v2\/taxonomies\/post_tag"}],"wp:post_type":[{"href":"https:\/\/zamanturkmenistan.com.tm\/index.php?rest_route=%2Fwp%2Fv2%2Fposts&tags=7971"}],"curies":[{"name":"wp","href":"https:\/\/api.w.org\/{rel}","templated":true}]}}